{"id":3426,"date":"2022-03-24T20:42:47","date_gmt":"2022-03-24T18:42:47","guid":{"rendered":"https:\/\/mummila.net\/kettinki\/?p=3426"},"modified":"2023-10-18T12:50:31","modified_gmt":"2023-10-18T09:50:31","slug":"pentik-anis-astiaston-nimesta-on-veistelty-vitseja-jo-yli-vuosikymmen-mutta-pentikilla-asiaan-herattiin-vasta-nyt","status":"publish","type":"post","link":"https:\/\/mummila.net\/kettinki\/linkki\/3426","title":{"rendered":"<svg class=\"svg-icon svg-icon-link\" aria-labelledby=\"title-69f28f4a975ac\" role=\"img\"><title id=\"title-69f28f4a975ac\">Link<\/title> <use href=\"#link\" xlink:href=\"#link\"><\/use> <\/svg>3426"},"content":{"rendered":"<div class=\"vlp-link-container vlp-layout-basic\"><a href=\"https:\/\/www.hs.fi\/talous\/art-2000008704863.html\" class=\"vlp-link\" title=\"Yritykset | Suomalaisyhti\u00f6 on myynyt vuosia astiastoa, jonka nimi sis\u00e4lt\u00e4\u00e4 kaksimielisen sananmuunnoksen\" rel=\"nofollow\" target=\"_blank\"><\/a><div class=\"vlp-layout-zone-side\"><div class=\"vlp-block-2 vlp-link-image\"><img loading=\"lazy\" decoding=\"async\" style=\"max-width: 150px;\" width=\"150\" height=\"79\" src=\"https:\/\/mummila.net\/kettinki\/files\/2022\/03\/80200a9a0773a575dc7251150003081f.jpg\" class=\"attachment-150x999 size-150x999\" alt=\"\" srcset=\"https:\/\/mummila.net\/kettinki\/files\/2022\/03\/80200a9a0773a575dc7251150003081f.jpg 1200w, https:\/\/mummila.net\/kettinki\/files\/2022\/03\/80200a9a0773a575dc7251150003081f-300x158.jpg 300w, https:\/\/mummila.net\/kettinki\/files\/2022\/03\/80200a9a0773a575dc7251150003081f-1024x538.jpg 1024w, https:\/\/mummila.net\/kettinki\/files\/2022\/03\/80200a9a0773a575dc7251150003081f-768x403.jpg 768w\" sizes=\"auto, (max-width: 150px) 100vw, 150px\" \/><\/div><\/div><div class=\"vlp-layout-zone-main\"><div class=\"vlp-block-0 vlp-link-title\">Yritykset | Suomalaisyhti\u00f6 on myynyt vuosia astiastoa, jonka nimi sis\u00e4lt\u00e4\u00e4 kaksimielisen sananmuunnoksen<\/div><div class=\"vlp-block-1 vlp-link-summary\">Pentik Anis -astiaston on suunnitellut Lasse Kovanen. Astiaston nimest\u00e4 on veistelty vitsej\u00e4 jo yli vuosikymmen, mutta Pentikill\u00e4 asiaan her\u00e4ttiin vasta nyt.<\/div><\/div><\/div>\n","protected":false},"excerpt":{"rendered":"","protected":false},"author":2,"featured_media":0,"comment_status":"open","ping_status":"closed","sticky":false,"template":"","format":"link","meta":{"footnotes":""},"categories":[14096],"tags":[29139,30315,14115,29136,14210,29138,29137],"class_list":["post-3426","post","type-post","status-publish","format-link","hentry","category-suomeksi","tag-anu-pentik","tag-finnish","tag-language","tag-lasse-kovanen","tag-marketing","tag-minna-lampinen","tag-pentik","post_format-post-format-link"],"_links":{"self":[{"href":"https:\/\/mummila.net\/kettinki\/wp-json\/wp\/v2\/posts\/3426","targetHints":{"allow":["GET"]}}],"collection":[{"href":"https:\/\/mummila.net\/kettinki\/wp-json\/wp\/v2\/posts"}],"about":[{"href":"https:\/\/mummila.net\/kettinki\/wp-json\/wp\/v2\/types\/post"}],"author":[{"embeddable":true,"href":"https:\/\/mummila.net\/kettinki\/wp-json\/wp\/v2\/users\/2"}],"replies":[{"embeddable":true,"href":"https:\/\/mummila.net\/kettinki\/wp-json\/wp\/v2\/comments?post=3426"}],"version-history":[{"count":1,"href":"https:\/\/mummila.net\/kettinki\/wp-json\/wp\/v2\/posts\/3426\/revisions"}],"predecessor-version":[{"id":3428,"href":"https:\/\/mummila.net\/kettinki\/wp-json\/wp\/v2\/posts\/3426\/revisions\/3428"}],"wp:attachment":[{"href":"https:\/\/mummila.net\/kettinki\/wp-json\/wp\/v2\/media?parent=3426"}],"wp:term":[{"taxonomy":"category","embeddable":true,"href":"https:\/\/mummila.net\/kettinki\/wp-json\/wp\/v2\/categories?post=3426"},{"taxonomy":"post_tag","embeddable":true,"href":"https:\/\/mummila.net\/kettinki\/wp-json\/wp\/v2\/tags?post=3426"}],"curies":[{"name":"wp","href":"https:\/\/api.w.org\/{rel}","templated":true}]}}