{"id":7989,"date":"2026-04-01T17:16:22","date_gmt":"2026-04-01T14:16:22","guid":{"rendered":"https:\/\/mummila.net\/kettinki\/?p=7989"},"modified":"2026-04-01T17:16:22","modified_gmt":"2026-04-01T14:16:22","slug":"maaliskuu-oli-mittaushistorian-lampimin-suomessa","status":"publish","type":"post","link":"https:\/\/mummila.net\/kettinki\/linkki\/7989","title":{"rendered":"<svg class=\"svg-icon svg-icon-link\" aria-labelledby=\"title-69f19a582769a\" role=\"img\"><title id=\"title-69f19a582769a\">Link<\/title> <use href=\"#link\" xlink:href=\"#link\"><\/use> <\/svg>7989"},"content":{"rendered":"<div class=\"vlp-link-container vlp-layout-basic\"><a href=\"https:\/\/www.ilmatieteenlaitos.fi\/tiedote\/2huP8cssmD4rhUCqGhCQro\" class=\"vlp-link\" title=\"Maaliskuu oli mittaushistorian l\u00e4mpimin Suomessa - Ilmatieteen laitos\" rel=\"nofollow\" target=\"_blank\"><\/a><div class=\"vlp-layout-zone-side\"><div class=\"vlp-block-2 vlp-link-image\"><img loading=\"lazy\" decoding=\"async\" style=\"max-width: 150px;\" width=\"150\" height=\"84\" src=\"https:\/\/mummila.net\/kettinki\/files\/2026\/04\/Py_r_ilij__Pispalassa_kev__ll__1200px.jpg\" class=\"attachment-150x999 size-150x999\" alt=\"\" srcset=\"https:\/\/mummila.net\/kettinki\/files\/2026\/04\/Py_r_ilij__Pispalassa_kev__ll__1200px.jpg 1200w, https:\/\/mummila.net\/kettinki\/files\/2026\/04\/Py_r_ilij__Pispalassa_kev__ll__1200px-300x169.jpg 300w, https:\/\/mummila.net\/kettinki\/files\/2026\/04\/Py_r_ilij__Pispalassa_kev__ll__1200px-1024x576.jpg 1024w, https:\/\/mummila.net\/kettinki\/files\/2026\/04\/Py_r_ilij__Pispalassa_kev__ll__1200px-768x432.jpg 768w\" sizes=\"auto, (max-width: 150px) 100vw, 150px\" \/><\/div><\/div><div class=\"vlp-layout-zone-main\"><div class=\"vlp-block-0 vlp-link-title\">Maaliskuu oli mittaushistorian l\u00e4mpimin Suomessa - Ilmatieteen laitos<\/div><div class=\"vlp-block-1 vlp-link-summary\">L\u00e4hes jokaisella havaintoasemalla mitattiin uusi maaliskuun keskil\u00e4mp\u00f6tilan enn\u00e4tys. Sodankyl\u00e4ss\u00e4 maaliskuu oli l\u00e4mpimin yli sataan vuoteen.<\/div><\/div><\/div>\n","protected":false},"excerpt":{"rendered":"","protected":false},"author":2,"featured_media":0,"comment_status":"open","ping_status":"closed","sticky":false,"template":"","format":"link","meta":{"footnotes":""},"categories":[14096],"tags":[14158,29652,30016,31624,33226,18225,29675,30488,29502,33225,16597,29623],"class_list":["post-7989","post","type-post","status-publish","format-link","hentry","category-suomeksi","tag-finland","tag-hanko","tag-heinola","tag-kangasniemi","tag-kilpisjarv","tag-meteorology","tag-porvoo","tag-puolanka","tag-sodankyla","tag-teuva","tag-university-of-helsinki","tag-utsjoki","post_format-post-format-link"],"_links":{"self":[{"href":"https:\/\/mummila.net\/kettinki\/wp-json\/wp\/v2\/posts\/7989","targetHints":{"allow":["GET"]}}],"collection":[{"href":"https:\/\/mummila.net\/kettinki\/wp-json\/wp\/v2\/posts"}],"about":[{"href":"https:\/\/mummila.net\/kettinki\/wp-json\/wp\/v2\/types\/post"}],"author":[{"embeddable":true,"href":"https:\/\/mummila.net\/kettinki\/wp-json\/wp\/v2\/users\/2"}],"replies":[{"embeddable":true,"href":"https:\/\/mummila.net\/kettinki\/wp-json\/wp\/v2\/comments?post=7989"}],"version-history":[{"count":1,"href":"https:\/\/mummila.net\/kettinki\/wp-json\/wp\/v2\/posts\/7989\/revisions"}],"predecessor-version":[{"id":7991,"href":"https:\/\/mummila.net\/kettinki\/wp-json\/wp\/v2\/posts\/7989\/revisions\/7991"}],"wp:attachment":[{"href":"https:\/\/mummila.net\/kettinki\/wp-json\/wp\/v2\/media?parent=7989"}],"wp:term":[{"taxonomy":"category","embeddable":true,"href":"https:\/\/mummila.net\/kettinki\/wp-json\/wp\/v2\/categories?post=7989"},{"taxonomy":"post_tag","embeddable":true,"href":"https:\/\/mummila.net\/kettinki\/wp-json\/wp\/v2\/tags?post=7989"}],"curies":[{"name":"wp","href":"https:\/\/api.w.org\/{rel}","templated":true}]}}