
{"id":2065,"date":"2011-08-12T15:29:10","date_gmt":"2011-08-12T12:29:10","guid":{"rendered":"http:\/\/mummila.net\/kutamiiluu\/2011\/08\/12\/paasee-nakojaan-syysaikatauluun-siirtyman-ansiosta-maanantaista-alkaen-avireen-ajoissa\/"},"modified":"2011-08-12T15:29:10","modified_gmt":"2011-08-12T12:29:10","slug":"paasee-nakojaan-syysaikatauluun-siirtyman-ansiosta-maanantaista-alkaen-avireen-ajoissa","status":"publish","type":"post","link":"https:\/\/mummila.net\/kutamiiluu\/2011\/08\/12\/paasee-nakojaan-syysaikatauluun-siirtyman-ansiosta-maanantaista-alkaen-avireen-ajoissa\/","title":{"rendered":"p\u00e4\u00e4see n\u00e4k\u00f6j\u00e4\u00e4n syysaikatauluun siirtym\u00e4n ansiosta maanantaista alkaen Avireen ajoissa."},"content":{"rendered":"<p><strong>Jani<\/strong> p\u00e4\u00e4see n\u00e4k\u00f6j\u00e4\u00e4n syysaikatauluun siirtym\u00e4n ansiosta maanantaista alkaen Avireen ajoissa.<\/p>\n","protected":false},"excerpt":{"rendered":"<p>Jani p\u00e4\u00e4see n\u00e4k\u00f6j\u00e4\u00e4n syysaikatauluun siirtym\u00e4n ansiosta maanantaista alkaen Avireen ajoissa.<\/p>\n","protected":false},"author":2,"featured_media":0,"comment_status":"open","ping_status":"open","sticky":false,"template":"","format":"standard","meta":{"footnotes":""},"categories":[3922],"tags":[],"class_list":["post-2065","post","type-post","status-publish","format-standard","hentry","category-muuta"],"_links":{"self":[{"href":"https:\/\/mummila.net\/kutamiiluu\/wp-json\/wp\/v2\/posts\/2065","targetHints":{"allow":["GET"]}}],"collection":[{"href":"https:\/\/mummila.net\/kutamiiluu\/wp-json\/wp\/v2\/posts"}],"about":[{"href":"https:\/\/mummila.net\/kutamiiluu\/wp-json\/wp\/v2\/types\/post"}],"author":[{"embeddable":true,"href":"https:\/\/mummila.net\/kutamiiluu\/wp-json\/wp\/v2\/users\/2"}],"replies":[{"embeddable":true,"href":"https:\/\/mummila.net\/kutamiiluu\/wp-json\/wp\/v2\/comments?post=2065"}],"version-history":[{"count":0,"href":"https:\/\/mummila.net\/kutamiiluu\/wp-json\/wp\/v2\/posts\/2065\/revisions"}],"wp:attachment":[{"href":"https:\/\/mummila.net\/kutamiiluu\/wp-json\/wp\/v2\/media?parent=2065"}],"wp:term":[{"taxonomy":"category","embeddable":true,"href":"https:\/\/mummila.net\/kutamiiluu\/wp-json\/wp\/v2\/categories?post=2065"},{"taxonomy":"post_tag","embeddable":true,"href":"https:\/\/mummila.net\/kutamiiluu\/wp-json\/wp\/v2\/tags?post=2065"}],"curies":[{"name":"wp","href":"https:\/\/api.w.org\/{rel}","templated":true}]}}