
{"id":2115,"date":"2011-08-23T07:32:42","date_gmt":"2011-08-23T04:32:42","guid":{"rendered":"http:\/\/mummila.net\/kutamiiluu\/2011\/08\/23\/naki-unta-etta-itki-amazonian-alkuasukkaiden-kanssa-naiden-kohtaloa-perinteisen-elamantavan-katoamista\/"},"modified":"2011-08-23T07:32:42","modified_gmt":"2011-08-23T04:32:42","slug":"naki-unta-etta-itki-amazonian-alkuasukkaiden-kanssa-naiden-kohtaloa-perinteisen-elamantavan-katoamista","status":"publish","type":"post","link":"https:\/\/mummila.net\/kutamiiluu\/2011\/08\/23\/naki-unta-etta-itki-amazonian-alkuasukkaiden-kanssa-naiden-kohtaloa-perinteisen-elamantavan-katoamista\/","title":{"rendered":"n\u00e4ki unta, ett\u00e4 itki Amazonian alkuasukkaiden kanssa n\u00e4iden kohtaloa (perinteisen el\u00e4m\u00e4ntavan katoamista)."},"content":{"rendered":"<p><strong>Jani<\/strong> n\u00e4ki unta, ett\u00e4 itki Amazonian alkuasukkaiden kanssa n\u00e4iden kohtaloa (perinteisen el\u00e4m\u00e4ntavan katoamista).<\/p>\n","protected":false},"excerpt":{"rendered":"<p>Jani n\u00e4ki unta, ett\u00e4 itki Amazonian alkuasukkaiden kanssa n\u00e4iden kohtaloa (perinteisen el\u00e4m\u00e4ntavan katoamista).<\/p>\n","protected":false},"author":2,"featured_media":0,"comment_status":"open","ping_status":"open","sticky":false,"template":"","format":"standard","meta":{"footnotes":""},"categories":[3922],"tags":[],"class_list":["post-2115","post","type-post","status-publish","format-standard","hentry","category-muuta"],"_links":{"self":[{"href":"https:\/\/mummila.net\/kutamiiluu\/wp-json\/wp\/v2\/posts\/2115","targetHints":{"allow":["GET"]}}],"collection":[{"href":"https:\/\/mummila.net\/kutamiiluu\/wp-json\/wp\/v2\/posts"}],"about":[{"href":"https:\/\/mummila.net\/kutamiiluu\/wp-json\/wp\/v2\/types\/post"}],"author":[{"embeddable":true,"href":"https:\/\/mummila.net\/kutamiiluu\/wp-json\/wp\/v2\/users\/2"}],"replies":[{"embeddable":true,"href":"https:\/\/mummila.net\/kutamiiluu\/wp-json\/wp\/v2\/comments?post=2115"}],"version-history":[{"count":0,"href":"https:\/\/mummila.net\/kutamiiluu\/wp-json\/wp\/v2\/posts\/2115\/revisions"}],"wp:attachment":[{"href":"https:\/\/mummila.net\/kutamiiluu\/wp-json\/wp\/v2\/media?parent=2115"}],"wp:term":[{"taxonomy":"category","embeddable":true,"href":"https:\/\/mummila.net\/kutamiiluu\/wp-json\/wp\/v2\/categories?post=2115"},{"taxonomy":"post_tag","embeddable":true,"href":"https:\/\/mummila.net\/kutamiiluu\/wp-json\/wp\/v2\/tags?post=2115"}],"curies":[{"name":"wp","href":"https:\/\/api.w.org\/{rel}","templated":true}]}}