
{"id":3106,"date":"2012-04-06T20:21:09","date_gmt":"2012-04-06T17:21:09","guid":{"rendered":"http:\/\/mummila.net\/kutamiiluu\/2012\/04\/06\/adidas-sennheiserit-sisaanajettu-joukkoliikenteeseen-basso-oli-ihan-liian-vaisu-mutta-salilla-aani-riitti-hyvin-peittamaan-arsyttavan-radi\/"},"modified":"2012-04-06T20:21:09","modified_gmt":"2012-04-06T17:21:09","slug":"adidas-sennheiserit-sisaanajettu-joukkoliikenteeseen-basso-oli-ihan-liian-vaisu-mutta-salilla-aani-riitti-hyvin-peittamaan-arsyttavan-radi","status":"publish","type":"post","link":"https:\/\/mummila.net\/kutamiiluu\/2012\/04\/06\/adidas-sennheiserit-sisaanajettu-joukkoliikenteeseen-basso-oli-ihan-liian-vaisu-mutta-salilla-aani-riitti-hyvin-peittamaan-arsyttavan-radi\/","title":{"rendered":"Adidas-Sennheiserit sis\u00e4\u00e4najettu. Joukkoliikenteeseen basso oli ihan liian vaisu, mutta salilla \u00e4\u00e4ni riitti hyvin peitt\u00e4m\u00e4\u00e4n \u00e4rsytt\u00e4v\u00e4n radi&#8230;"},"content":{"rendered":"<p><strong>Jani<\/strong> Adidas-Sennheiserit sis\u00e4\u00e4najettu. Joukkoliikenteeseen basso oli ihan liian vaisu, mutta salilla \u00e4\u00e4ni riitti hyvin peitt\u00e4m\u00e4\u00e4n \u00e4rsytt\u00e4v\u00e4n radiop\u00f6l\u00f6tyksen, ja mik\u00e4 t\u00e4rkeint\u00e4, pysyiv\u00e4t korvissani oikein mukavasti ja kevyesti siivekkeiden ja lyhyen johdon ansiosta. Erillist\u00e4 volyymis\u00e4\u00e4dint\u00e4 en ole viel\u00e4 kokeillut, sellaiselle minulla ei ole juurikaan tarvetta.<\/p>\n","protected":false},"excerpt":{"rendered":"<p>Jani Adidas-Sennheiserit sis\u00e4\u00e4najettu. Joukkoliikenteeseen basso oli ihan liian vaisu, mutta salilla \u00e4\u00e4ni riitti hyvin peitt\u00e4m\u00e4\u00e4n \u00e4rsytt\u00e4v\u00e4n radiop\u00f6l\u00f6tyksen, ja mik\u00e4 t\u00e4rkeint\u00e4, pysyiv\u00e4t korvissani oikein mukavasti ja kevyesti siivekkeiden ja lyhyen johdon ansiosta. Erillist\u00e4 volyymis\u00e4\u00e4dint\u00e4 en ole viel\u00e4 kokeillut, sellaiselle minulla ei ole juurikaan tarvetta.<\/p>\n","protected":false},"author":2,"featured_media":0,"comment_status":"open","ping_status":"open","sticky":false,"template":"","format":"standard","meta":{"footnotes":""},"categories":[9053],"tags":[],"class_list":["post-3106","post","type-post","status-publish","format-standard","hentry","category-kuluttajuudesta"],"_links":{"self":[{"href":"https:\/\/mummila.net\/kutamiiluu\/wp-json\/wp\/v2\/posts\/3106","targetHints":{"allow":["GET"]}}],"collection":[{"href":"https:\/\/mummila.net\/kutamiiluu\/wp-json\/wp\/v2\/posts"}],"about":[{"href":"https:\/\/mummila.net\/kutamiiluu\/wp-json\/wp\/v2\/types\/post"}],"author":[{"embeddable":true,"href":"https:\/\/mummila.net\/kutamiiluu\/wp-json\/wp\/v2\/users\/2"}],"replies":[{"embeddable":true,"href":"https:\/\/mummila.net\/kutamiiluu\/wp-json\/wp\/v2\/comments?post=3106"}],"version-history":[{"count":0,"href":"https:\/\/mummila.net\/kutamiiluu\/wp-json\/wp\/v2\/posts\/3106\/revisions"}],"wp:attachment":[{"href":"https:\/\/mummila.net\/kutamiiluu\/wp-json\/wp\/v2\/media?parent=3106"}],"wp:term":[{"taxonomy":"category","embeddable":true,"href":"https:\/\/mummila.net\/kutamiiluu\/wp-json\/wp\/v2\/categories?post=3106"},{"taxonomy":"post_tag","embeddable":true,"href":"https:\/\/mummila.net\/kutamiiluu\/wp-json\/wp\/v2\/tags?post=3106"}],"curies":[{"name":"wp","href":"https:\/\/api.w.org\/{rel}","templated":true}]}}