
{"id":3288,"date":"2012-06-23T15:02:00","date_gmt":"2012-06-23T12:02:00","guid":{"rendered":"http:\/\/mummila.net\/kutamiiluu\/2012\/06\/23\/unohdin-ottaa-omat-musiikit-salille-mukaan-minka-seurauksena-olin-2-tuntia-altistettuna-kaupalliselle-radiokanavalle-ei-niin-pahaa-etteiko\/"},"modified":"2012-06-23T15:02:00","modified_gmt":"2012-06-23T12:02:00","slug":"unohdin-ottaa-omat-musiikit-salille-mukaan-minka-seurauksena-olin-2-tuntia-altistettuna-kaupalliselle-radiokanavalle-ei-niin-pahaa-etteiko","status":"publish","type":"post","link":"https:\/\/mummila.net\/kutamiiluu\/2012\/06\/23\/unohdin-ottaa-omat-musiikit-salille-mukaan-minka-seurauksena-olin-2-tuntia-altistettuna-kaupalliselle-radiokanavalle-ei-niin-pahaa-etteiko\/","title":{"rendered":"Unohdin ottaa omat musiikit salille mukaan, mink\u00e4 seurauksena olin 2 tuntia altistettuna kaupalliselle radiokanavalle. Ei niin pahaa etteik\u00f6&#8230;"},"content":{"rendered":"<p><strong>Jani<\/strong> Unohdin ottaa omat musiikit salille mukaan, mink\u00e4 seurauksena olin 2 tuntia altistettuna kaupalliselle radiokanavalle. Ei niin pahaa etteik\u00f6 jotain hyv\u00e4\u00e4kin, k\u00e4ytin tuon ajan luovasti.  Saanko esitell\u00e4: radiomainostajan m\u00e4rk\u00e4 uni, Timteri Kahmanen. H\u00e4n voi spiikata _sek\u00e4_ Timo Kahilaisen _ett\u00e4_ Petteri Summasen \u00e4\u00e4nell\u00e4! http:\/\/ur1.ca\/9jyap<\/p>\n","protected":false},"excerpt":{"rendered":"<p>Jani Unohdin ottaa omat musiikit salille mukaan, mink\u00e4 seurauksena olin 2 tuntia altistettuna kaupalliselle radiokanavalle. Ei niin pahaa etteik\u00f6 jotain hyv\u00e4\u00e4kin, k\u00e4ytin tuon ajan luovasti. Saanko esitell\u00e4: radiomainostajan m\u00e4rk\u00e4 uni, Timteri Kahmanen. H\u00e4n voi spiikata _sek\u00e4_ Timo Kahilaisen _ett\u00e4_ Petteri Summasen \u00e4\u00e4nell\u00e4! http:\/\/ur1.ca\/9jyap<\/p>\n","protected":false},"author":2,"featured_media":0,"comment_status":"open","ping_status":"open","sticky":false,"template":"","format":"standard","meta":{"footnotes":""},"categories":[3922],"tags":[],"class_list":["post-3288","post","type-post","status-publish","format-standard","hentry","category-muuta"],"_links":{"self":[{"href":"https:\/\/mummila.net\/kutamiiluu\/wp-json\/wp\/v2\/posts\/3288","targetHints":{"allow":["GET"]}}],"collection":[{"href":"https:\/\/mummila.net\/kutamiiluu\/wp-json\/wp\/v2\/posts"}],"about":[{"href":"https:\/\/mummila.net\/kutamiiluu\/wp-json\/wp\/v2\/types\/post"}],"author":[{"embeddable":true,"href":"https:\/\/mummila.net\/kutamiiluu\/wp-json\/wp\/v2\/users\/2"}],"replies":[{"embeddable":true,"href":"https:\/\/mummila.net\/kutamiiluu\/wp-json\/wp\/v2\/comments?post=3288"}],"version-history":[{"count":0,"href":"https:\/\/mummila.net\/kutamiiluu\/wp-json\/wp\/v2\/posts\/3288\/revisions"}],"wp:attachment":[{"href":"https:\/\/mummila.net\/kutamiiluu\/wp-json\/wp\/v2\/media?parent=3288"}],"wp:term":[{"taxonomy":"category","embeddable":true,"href":"https:\/\/mummila.net\/kutamiiluu\/wp-json\/wp\/v2\/categories?post=3288"},{"taxonomy":"post_tag","embeddable":true,"href":"https:\/\/mummila.net\/kutamiiluu\/wp-json\/wp\/v2\/tags?post=3288"}],"curies":[{"name":"wp","href":"https:\/\/api.w.org\/{rel}","templated":true}]}}