
{"id":421,"date":"2010-08-11T21:20:52","date_gmt":"2010-08-11T18:20:52","guid":{"rendered":"http:\/\/mummila.net\/kutamiiluu\/2010\/08\/11\/osallistui-keskusteluun-ccn-ei-kaupallisen-maaritelmasta-httpur1-ca135f2\/"},"modified":"2010-08-11T21:20:52","modified_gmt":"2010-08-11T18:20:52","slug":"osallistui-keskusteluun-ccn-ei-kaupallisen-maaritelmasta-httpur1-ca135f2","status":"publish","type":"post","link":"https:\/\/mummila.net\/kutamiiluu\/2010\/08\/11\/osallistui-keskusteluun-ccn-ei-kaupallisen-maaritelmasta-httpur1-ca135f2\/","title":{"rendered":"osallistui keskusteluun CC:n ei-kaupallisen m\u00e4\u00e4ritelm\u00e4st\u00e4, http:\/\/ur1.ca\/135f2"},"content":{"rendered":"<p><strong>Jani<\/strong> osallistui keskusteluun CC:n ei-kaupallisen m\u00e4\u00e4ritelm\u00e4st\u00e4, http:\/\/ur1.ca\/135f2<\/p>\n","protected":false},"excerpt":{"rendered":"<p>Jani osallistui keskusteluun CC:n ei-kaupallisen m\u00e4\u00e4ritelm\u00e4st\u00e4, http:\/\/ur1.ca\/135f2<\/p>\n","protected":false},"author":2,"featured_media":0,"comment_status":"open","ping_status":"open","sticky":false,"template":"","format":"standard","meta":{"footnotes":""},"categories":[9043],"tags":[],"class_list":["post-421","post","type-post","status-publish","format-standard","hentry","category-luomisesta"],"_links":{"self":[{"href":"https:\/\/mummila.net\/kutamiiluu\/wp-json\/wp\/v2\/posts\/421","targetHints":{"allow":["GET"]}}],"collection":[{"href":"https:\/\/mummila.net\/kutamiiluu\/wp-json\/wp\/v2\/posts"}],"about":[{"href":"https:\/\/mummila.net\/kutamiiluu\/wp-json\/wp\/v2\/types\/post"}],"author":[{"embeddable":true,"href":"https:\/\/mummila.net\/kutamiiluu\/wp-json\/wp\/v2\/users\/2"}],"replies":[{"embeddable":true,"href":"https:\/\/mummila.net\/kutamiiluu\/wp-json\/wp\/v2\/comments?post=421"}],"version-history":[{"count":0,"href":"https:\/\/mummila.net\/kutamiiluu\/wp-json\/wp\/v2\/posts\/421\/revisions"}],"wp:attachment":[{"href":"https:\/\/mummila.net\/kutamiiluu\/wp-json\/wp\/v2\/media?parent=421"}],"wp:term":[{"taxonomy":"category","embeddable":true,"href":"https:\/\/mummila.net\/kutamiiluu\/wp-json\/wp\/v2\/categories?post=421"},{"taxonomy":"post_tag","embeddable":true,"href":"https:\/\/mummila.net\/kutamiiluu\/wp-json\/wp\/v2\/tags?post=421"}],"curies":[{"name":"wp","href":"https:\/\/api.w.org\/{rel}","templated":true}]}}