
{"id":663,"date":"2010-09-17T21:55:58","date_gmt":"2010-09-17T18:55:58","guid":{"rendered":"http:\/\/mummila.net\/kutamiiluu\/2010\/09\/17\/on-erittain-erit-tain-tyytyvainen-rockysta-tanaan-ottamiinsa-kuviin-httpur1-ca1np8u\/"},"modified":"2010-09-17T21:55:58","modified_gmt":"2010-09-17T18:55:58","slug":"on-erittain-erit-tain-tyytyvainen-rockysta-tanaan-ottamiinsa-kuviin-httpur1-ca1np8u","status":"publish","type":"post","link":"https:\/\/mummila.net\/kutamiiluu\/2010\/09\/17\/on-erittain-erit-tain-tyytyvainen-rockysta-tanaan-ottamiinsa-kuviin-httpur1-ca1np8u\/","title":{"rendered":"on eritt\u00e4in, ERIT-T\u00c4IN tyytyv\u00e4inen Rockysta t\u00e4n\u00e4\u00e4n ottamiinsa kuviin. http:\/\/ur1.ca\/1np8u"},"content":{"rendered":"<p><strong>Jani<\/strong> on eritt\u00e4in, ERIT-T\u00c4IN tyytyv\u00e4inen Rockysta t\u00e4n\u00e4\u00e4n ottamiinsa kuviin. http:\/\/ur1.ca\/1np8u<\/p>\n","protected":false},"excerpt":{"rendered":"<p>Jani on eritt\u00e4in, ERIT-T\u00c4IN tyytyv\u00e4inen Rockysta t\u00e4n\u00e4\u00e4n ottamiinsa kuviin. http:\/\/ur1.ca\/1np8u<\/p>\n","protected":false},"author":2,"featured_media":0,"comment_status":"open","ping_status":"open","sticky":false,"template":"","format":"standard","meta":{"footnotes":""},"categories":[9043],"tags":[],"class_list":["post-663","post","type-post","status-publish","format-standard","hentry","category-luomisesta"],"_links":{"self":[{"href":"https:\/\/mummila.net\/kutamiiluu\/wp-json\/wp\/v2\/posts\/663","targetHints":{"allow":["GET"]}}],"collection":[{"href":"https:\/\/mummila.net\/kutamiiluu\/wp-json\/wp\/v2\/posts"}],"about":[{"href":"https:\/\/mummila.net\/kutamiiluu\/wp-json\/wp\/v2\/types\/post"}],"author":[{"embeddable":true,"href":"https:\/\/mummila.net\/kutamiiluu\/wp-json\/wp\/v2\/users\/2"}],"replies":[{"embeddable":true,"href":"https:\/\/mummila.net\/kutamiiluu\/wp-json\/wp\/v2\/comments?post=663"}],"version-history":[{"count":0,"href":"https:\/\/mummila.net\/kutamiiluu\/wp-json\/wp\/v2\/posts\/663\/revisions"}],"wp:attachment":[{"href":"https:\/\/mummila.net\/kutamiiluu\/wp-json\/wp\/v2\/media?parent=663"}],"wp:term":[{"taxonomy":"category","embeddable":true,"href":"https:\/\/mummila.net\/kutamiiluu\/wp-json\/wp\/v2\/categories?post=663"},{"taxonomy":"post_tag","embeddable":true,"href":"https:\/\/mummila.net\/kutamiiluu\/wp-json\/wp\/v2\/tags?post=663"}],"curies":[{"name":"wp","href":"https:\/\/api.w.org\/{rel}","templated":true}]}}