{"id":10517,"date":"2009-11-13T12:15:27","date_gmt":"2009-11-13T10:15:27","guid":{"rendered":"http:\/\/mummila.net\/marginaali\/?p=10517"},"modified":"2010-09-06T12:29:46","modified_gmt":"2010-09-06T09:29:46","slug":"dos","status":"publish","type":"post","link":"https:\/\/mummila.net\/marginaali\/2009\/11\/13\/dos\/","title":{"rendered":"dos++;"},"content":{"rendered":"<p id=\"post10517-blqtjj2us1m65i33v3lmdlr6a\"><a href=\"https:\/\/secure.wikimedia.org\/wikipedia\/commons\/wiki\/File:Linear_Potential_Sweep.JPG\"><img loading=\"lazy\" decoding=\"async\" src=\"http:\/\/mummila.net\/marginaali\/files\/2009\/11\/potentiaali-ajan-funktiona.png\" alt=\"Potentiaali ajan funktiona\" width=\"250\" height=\"142\" class=\"alignnone size-full wp-image-10529\"><\/a>&nbsp;<a rel=\"bookmark\" class=\"paragraph-permalink\" href=\"https:\/\/mummila.net\/marginaali\/2009\/11\/13\/dos\/#post10517-blqtjj2us1m65i33v3lmdlr6a\">#<\/a><\/p>\n<p id=\"post10517-bxsjgdjj9b0j7utm25mft51gb\">K\u00e4vin\u00adp\u00e4 tuas li\u00e4\u00adk\u00e4\u00adris\u00ads\u00e4. Kyse\u00adly\u00adlo\u00admak\u00adkei\u00adta t\u00e4y\u00adtin aluk\u00adsi, ja onnek\u00adsi t\u00e4y\u00adtin ne oikein: tulok\u00adset hei\u00adjas\u00adte\u00adli\u00advat sit\u00e4 miten koen\u00adkin voin\u00adti\u00adni l\u00e4\u00e4\u00adkean\u00adnok\u00adsen nos\u00adta\u00admi\u00adsen takia kohen\u00adtu\u00adneen. Ja kun sivu\u00advai\u00adku\u00adtuk\u00adset eiv\u00e4t ole kui\u00adten\u00adkaan pahen\u00adtu\u00adneet, p\u00e4\u00e4\u00adtet\u00adtiin annos\u00adta nos\u00adtaa vie\u00adl\u00e4\u00adkin (kos\u00adka olos\u00adsa paran\u00adta\u00admi\u00adsen ja annok\u00adses\u00adsa nos\u00adta\u00admi\u00adsen varaa sil\u00adti pii\u00adsaa).&nbsp;<a rel=\"bookmark\" class=\"paragraph-permalink\" href=\"https:\/\/mummila.net\/marginaali\/2009\/11\/13\/dos\/#post10517-bxsjgdjj9b0j7utm25mft51gb\">#<\/a><\/p>\n<p id=\"post10517-aoutij588peume88kr1ycxuqt\">Olin varau\u00adtu\u00adnut sii\u00adhen, ett\u00e4 hoi\u00adto\u00adni on jat\u00adkos\u00adsa resep\u00adtien uusi\u00admis\u00adta tk:ssa, mut\u00adta l\u00e4\u00e4\u00adk\u00e4\u00adri kehit\u00adti\u00adkin kes\u00adkus\u00adte\u00adlu\u00adjen poh\u00adjal\u00adta opti\u00admis\u00adti\u00adsem\u00adman suun\u00adni\u00adtel\u00adman, johon sis\u00e4l\u00adtyy my\u00f6s k\u00e4yn\u00adte\u00adj\u00e4 polil\u00adla sit\u00adten jos\u00adkus vuo\u00adden\u00advaih\u00adteen j\u00e4l\u00adkeen. Olen kuu\u00adlem\u00adma vie\u00adl\u00e4 sen ver\u00adran nuo\u00adri, ett\u00e4 kan\u00adnat\u00adtaa kokeil\u00adla, mik\u00e4 minua huvit\u00adti, kun olen itse aja\u00adtel\u00adlut ole\u00adva\u00adni psyyk\u00adki\u00adsen kehi\u00adtys\u00adkel\u00adpoi\u00adsuu\u00adte\u00adni kan\u00adnal\u00adta jo ik\u00e4\u00adlop\u00adpu raak\u00adki, jon\u00adka hyvin\u00advoin\u00adnin paran\u00adta\u00admis\u00adyri\u00adtyk\u00adsiin ei en\u00e4\u00e4 juu\u00adri kan\u00adna\u00adta l\u00e4\u00e4\u00adki\u00adtys\u00adt\u00e4 kum\u00admem\u00adpia kei\u00adno\u00adja haas\u00adka\u00adta.&nbsp;<a rel=\"bookmark\" class=\"paragraph-permalink\" href=\"https:\/\/mummila.net\/marginaali\/2009\/11\/13\/dos\/#post10517-aoutij588peume88kr1ycxuqt\">#<\/a><\/p>\n<p id=\"post10517-7i7mbpunnnh22q7bu7qw3l085\">Lis\u00e4k\u00adsi oli puhet\u00adta opis\u00adke\u00adlu\u00adval\u00admen\u00adnuk\u00adses\u00adta, mut\u00adta onnek\u00adsi vain hyvin alus\u00adta\u00advas\u00adti ja varo\u00advai\u00adses\u00adti, eli sit\u00e4 mie\u00adti\u00adt\u00e4\u00e4n sit\u00adten sen mukaan kuin\u00adka n\u00e4m\u00e4 nyt k\u00e4yt\u00adt\u00f6\u00f6n otet\u00adta\u00advat kei\u00adnot tep\u00adsi\u00adv\u00e4t, jos tep\u00adsi\u00adv\u00e4t. Hel\u00adl\u00e4\u00adk\u00e4\u00adti\u00adsi\u00e4 siel\u00adl\u00e4 oltiin muu\u00adten\u00adkin, mut\u00adta sain my\u00f6s sanot\u00adtua sen, kuin\u00adka aina n\u00e4is\u00ads\u00e4 tapaa\u00admi\u00adsis\u00adsa tup\u00adpaan ole\u00admaan miel\u00adlyt\u00adt\u00e4\u00admi\u00adsen\u00adha\u00adlui\u00adnen ja sik\u00adsi lii\u00adal\u00adli\u00adsen inno\u00adkas kaik\u00adkeen, ja sit\u00adten j\u00e4l\u00adkeen p\u00e4in ahdis\u00adtun jos olen\u00adkin haa\u00adli\u00adnut nis\u00adkoil\u00adle\u00adni lii\u00adko\u00adja.&nbsp;<a rel=\"bookmark\" class=\"paragraph-permalink\" href=\"https:\/\/mummila.net\/marginaali\/2009\/11\/13\/dos\/#post10517-7i7mbpunnnh22q7bu7qw3l085\">#<\/a><\/p>\n","protected":false},"excerpt":{"rendered":"<p>K\u00e4vin\u00adp\u00e4 tuas li\u00e4\u00adk\u00e4\u00adris\u00ads\u00e4. Koen voin\u00adti\u00adni l\u00e4\u00e4\u00adkean\u00adnok\u00adsen nos\u00adta\u00admi\u00adsen takia kohen\u00adtu\u00adneen, joten sit\u00e4 nos\u00adte\u00adtaan lis\u00e4\u00e4. Hoi\u00adto\u00adsuun\u00adni\u00adtel\u00admaan sis\u00e4l\u00adtyy k\u00e4yn\u00adte\u00adj\u00e4 polil\u00adla vuo\u00adden\u00advaih\u00adteen j\u00e4l\u00adkeen. Lis\u00e4k\u00adsi oli puhet\u00adta opiskeluvalmennuksesta.<\/p>\n","protected":false},"author":2,"featured_media":0,"comment_status":"closed","ping_status":"closed","sticky":false,"template":"","format":"standard","meta":{"wp_typography_post_enhancements_disabled":false,"footnotes":""},"categories":[11444],"tags":[1329,1485,1980],"class_list":["post-10517","post","type-post","status-publish","format-standard","hentry","category-merkinnat","tag-laake","tag-masennus","tag-psykiatria"],"_links":{"self":[{"href":"https:\/\/mummila.net\/marginaali\/wp-json\/wp\/v2\/posts\/10517","targetHints":{"allow":["GET"]}}],"collection":[{"href":"https:\/\/mummila.net\/marginaali\/wp-json\/wp\/v2\/posts"}],"about":[{"href":"https:\/\/mummila.net\/marginaali\/wp-json\/wp\/v2\/types\/post"}],"author":[{"embeddable":true,"href":"https:\/\/mummila.net\/marginaali\/wp-json\/wp\/v2\/users\/2"}],"replies":[{"embeddable":true,"href":"https:\/\/mummila.net\/marginaali\/wp-json\/wp\/v2\/comments?post=10517"}],"version-history":[{"count":1,"href":"https:\/\/mummila.net\/marginaali\/wp-json\/wp\/v2\/posts\/10517\/revisions"}],"predecessor-version":[{"id":14431,"href":"https:\/\/mummila.net\/marginaali\/wp-json\/wp\/v2\/posts\/10517\/revisions\/14431"}],"wp:attachment":[{"href":"https:\/\/mummila.net\/marginaali\/wp-json\/wp\/v2\/media?parent=10517"}],"wp:term":[{"taxonomy":"category","embeddable":true,"href":"https:\/\/mummila.net\/marginaali\/wp-json\/wp\/v2\/categories?post=10517"},{"taxonomy":"post_tag","embeddable":true,"href":"https:\/\/mummila.net\/marginaali\/wp-json\/wp\/v2\/tags?post=10517"}],"curies":[{"name":"wp","href":"https:\/\/api.w.org\/{rel}","templated":true}]}}