{"id":1336,"date":"2005-07-09T12:32:11","date_gmt":"2005-07-09T09:32:11","guid":{"rendered":"http:\/\/www.mummila.net\/marginaali\/?p=1336"},"modified":"2005-07-09T12:32:11","modified_gmt":"2005-07-09T09:32:11","slug":"vuoden-2005-poljimmat-aanesta","status":"publish","type":"post","link":"https:\/\/mummila.net\/marginaali\/2005\/07\/09\/vuoden-2005-poljimmat-aanesta\/","title":{"rendered":"Vuoden 2005 p\u00f6ljimm\u00e4t: \u00e4\u00e4nest\u00e4!"},"content":{"rendered":"<blockquote><p id=\"post1336-egbe0kath2p02utsu4v1bajmg\">On koit\u00adta\u00adnut aika vali\u00adta vuo\u00adden tyh\u00admim\u00adm\u00e4t het\u00adket, ihmi\u00adset ja teot. Alla ole\u00advaa \u00e4\u00e4nes\u00adtys\u00adnap\u00adpia pai\u00adna\u00admal\u00adla p\u00e4\u00e4\u00adset anta\u00admaan \u00e4\u00e4ne\u00adsi yhdes\u00ads\u00e4\u00adtois\u00adta eri lajis\u00adsa. Ilmais\u00adta ja haus\u00adkaa!&nbsp;[\u2026]&nbsp;<a rel=\"bookmark\" class=\"paragraph-permalink\" href=\"https:\/\/mummila.net\/marginaali\/2005\/07\/09\/vuoden-2005-poljimmat-aanesta\/#post1336-egbe0kath2p02utsu4v1bajmg\">#<\/a><\/p>\n<p id=\"post1336-1obcys3pid1ed6b8nwgaf5fk6\">Kol\u00adman\u00adnet vuo\u00adsit\u00adtai\u00adset tyh\u00admyys\u00adpal\u00adkin\u00adnot jae\u00adtaan hei\u00adn\u00e4\u00adkuun 22:ntena Just for Laughs -tapah\u00adtu\u00admas\u00adsa, Mont\u00adrea\u00adlin kan\u00adsain\u00adv\u00e4\u00adli\u00adsil\u00adl\u00e4 komiik\u00adka\u00adfes\u00adti\u00advaa\u00adleil\u00adla&nbsp;[\u2026] Voit\u00adta\u00adjat vali\u00adtaan Inter\u00adnet-\u00e4\u00e4nes\u00adtyk\u00adsen ja Kai\u00adken maa\u00adil\u00adman tyh\u00admyys -seu\u00adran toi\u00admes\u00adta. Seu\u00adran mot\u00adto kuu\u00adluu: uskom\u00adme, ett\u00e4 kaik\u00adki ovat tyh\u00admi\u00e4, mut\u00adta on sel\u00adlai\u00adsia, joil\u00adle se pit\u00e4\u00e4 erik\u00adseen mai\u00adni\u00adta.&nbsp;<a rel=\"bookmark\" class=\"paragraph-permalink\" href=\"https:\/\/mummila.net\/marginaali\/2005\/07\/09\/vuoden-2005-poljimmat-aanesta\/#post1336-1obcys3pid1ed6b8nwgaf5fk6\">#<\/a><\/p>\n<p id=\"post1336-276n7t7c8yifssu5bsprw8t7b\"><a href=\"http:\/\/www.stupidityawards.com\/\">stupidityawards.com: 2005 World Stu\u00adpi\u00addi\u00adty Awards<\/a> (<a href=\"http:\/\/kaarne.typepad.com\/blog\/2005\/07\/mood_bloody_tir.html\">via <em>TSOB<\/em><\/a>)<br>\n<em>suo\u00admen\u00adnos oma\u00adni<\/em>&nbsp;<a rel=\"bookmark\" class=\"paragraph-permalink\" href=\"https:\/\/mummila.net\/marginaali\/2005\/07\/09\/vuoden-2005-poljimmat-aanesta\/#post1336-276n7t7c8yifssu5bsprw8t7b\">#<\/a><\/p><\/blockquote>\n<p id=\"post1336-gfvxxknic69psbun6gd1gqwa9\"><img loading=\"lazy\" decoding=\"async\" src=\"http:\/\/mummila.net\/marginaali\/files\/2011\/07\/tn_GWB.jpg\" alt=\"George W. Bush\" width=\"120\" height=\"160\" class=\"alignright\"> Ennal\u00adta\u00adva\u00adli\u00adtuis\u00adsa kate\u00adgo\u00adriois\u00adsa on ennal\u00adta\u00adva\u00adli\u00adtut ehdok\u00adkaat ja pai\u00adno\u00adtus tun\u00adtuu ole\u00advan mel\u00adko\u00adlail\u00adla rapa\u00adkon\u00adta\u00adkai\u00adsis\u00adsa julk\u00adkik\u00adsis\u00adsa ja hei\u00add\u00e4n toi\u00adlai\u00adluis\u00adsaan. Nai\u00adsis\u00adta \u00e4\u00e4nes\u00adtin <a href=\"http:\/\/images.google.fi\/images?q=paris%20hilton&amp;hl=fi&amp;lr=&amp;sa=N&amp;tab=wi\">Paris \u201cSimple Life\u201d Hil\u00adto\u00adnia<\/a>. Muis\u00adta lajeis\u00adta jokai\u00adses\u00adsa, jos\u00adsa se oli mah\u00addol\u00adlis\u00adta, pyrin anta\u00admaan \u00e4\u00e4ne\u00adni GWB:lle. Pie\u00adnin\u00adt\u00e4\u00adk\u00e4\u00e4n tilai\u00adsuut\u00adta tuon j\u00e4b\u00e4n dis\u00adsaa\u00admi\u00adseen ei pid\u00e4 j\u00e4t\u00adt\u00e4\u00e4 k\u00e4yt\u00adt\u00e4\u00adm\u00e4t\u00adt\u00e4! &nbsp;<a rel=\"bookmark\" class=\"paragraph-permalink\" href=\"https:\/\/mummila.net\/marginaali\/2005\/07\/09\/vuoden-2005-poljimmat-aanesta\/#post1336-gfvxxknic69psbun6gd1gqwa9\">#<\/a><\/p>\n","protected":false},"excerpt":{"rendered":"<p>On koit\u00adta\u00adnut aika vali\u00adta vuo\u00adden tyh\u00admim\u00adm\u00e4t het\u00adket, ihmi\u00adset ja teot. Alla ole\u00advaa \u00e4\u00e4nes\u00adtys\u00adnap\u00adpia pai\u00adna\u00admal\u00adla p\u00e4\u00e4\u00adset anta\u00admaan \u00e4\u00e4ne\u00adsi yhdes\u00ads\u00e4\u00adtois\u00adta eri lajis\u00adsa. Ilmais\u00adta ja haus\u00adkaa!&nbsp;[\u2026]&nbsp;# Kol\u00adman\u00adnet vuo\u00adsit\u00adtai\u00adset tyh\u00admyys\u00adpal\u00adkin\u00adnot jae\u00adtaan hei\u00adn\u00e4\u00adkuun 22:ntena Just for Laughs -tapah\u00adtu\u00admas\u00adsa, Mont\u00adrea\u00adlin kan\u00adsain\u00adv\u00e4\u00adli\u00adsil\u00adl\u00e4 komiik\u00adka\u00adfes\u00adti\u00advaa\u00adleil\u00adla&nbsp;[\u2026] Voit\u00adta\u00adjat vali\u00adtaan Inter\u00ad\u00adnet-\u00e4\u00e4nes\u00ad\u00adtyk\u00ad\u00adsen ja Kai\u00adken maa\u00adil\u00adman tyh\u00admyys -seu\u00adran toi\u00admes\u00adta. Seu\u00adran mot\u00adto kuu\u00adluu: uskom\u00adme, ett\u00e4 kaik\u00adki ovat tyh\u00admi\u00e4, mut\u00adta&nbsp;on&nbsp;[\u2026]<\/p>\n","protected":false},"author":2,"featured_media":0,"comment_status":"closed","ping_status":"closed","sticky":false,"template":"","format":"standard","meta":{"wp_typography_post_enhancements_disabled":false,"footnotes":""},"categories":[1521],"tags":[],"class_list":["post-1336","post","type-post","status-publish","format-standard","hentry","category-meemit"],"_links":{"self":[{"href":"https:\/\/mummila.net\/marginaali\/wp-json\/wp\/v2\/posts\/1336","targetHints":{"allow":["GET"]}}],"collection":[{"href":"https:\/\/mummila.net\/marginaali\/wp-json\/wp\/v2\/posts"}],"about":[{"href":"https:\/\/mummila.net\/marginaali\/wp-json\/wp\/v2\/types\/post"}],"author":[{"embeddable":true,"href":"https:\/\/mummila.net\/marginaali\/wp-json\/wp\/v2\/users\/2"}],"replies":[{"embeddable":true,"href":"https:\/\/mummila.net\/marginaali\/wp-json\/wp\/v2\/comments?post=1336"}],"version-history":[{"count":0,"href":"https:\/\/mummila.net\/marginaali\/wp-json\/wp\/v2\/posts\/1336\/revisions"}],"wp:attachment":[{"href":"https:\/\/mummila.net\/marginaali\/wp-json\/wp\/v2\/media?parent=1336"}],"wp:term":[{"taxonomy":"category","embeddable":true,"href":"https:\/\/mummila.net\/marginaali\/wp-json\/wp\/v2\/categories?post=1336"},{"taxonomy":"post_tag","embeddable":true,"href":"https:\/\/mummila.net\/marginaali\/wp-json\/wp\/v2\/tags?post=1336"}],"curies":[{"name":"wp","href":"https:\/\/api.w.org\/{rel}","templated":true}]}}