{"id":2136,"date":"2006-04-14T23:52:43","date_gmt":"2006-04-14T20:52:43","guid":{"rendered":"http:\/\/www.mummila.net\/marginaali\/?p=2136"},"modified":"2006-04-14T23:52:43","modified_gmt":"2006-04-14T20:52:43","slug":"allekirjoita-adressi-opintorahan-korotuksen-puolesta","status":"publish","type":"post","link":"https:\/\/mummila.net\/marginaali\/2006\/04\/14\/allekirjoita-adressi-opintorahan-korotuksen-puolesta\/","title":{"rendered":"Allekirjoita adressi opintorahan korotuksen puolesta!"},"content":{"rendered":"<blockquote><p id=\"post2136-r7vek9n0jd7ksrspvxxoomkyn\">\u201cOpin\u00adto\u00adra\u00adhaa ei ole koro\u00adtet\u00adtu 90-luvun alun j\u00e4l\u00adkeen, p\u00e4in\u00advas\u00adtoin, vuon\u00adna 1995 sit\u00e4 lei\u00adkat\u00adtiin. Opin\u00adto\u00adra\u00adhan osto\u00advoi\u00adma on las\u00adke\u00adnut vii\u00adden\u00adnek\u00adsen, eik\u00e4 opin\u00adto\u00adra\u00adha en\u00e4\u00e4 aikoi\u00adhin ole riit\u00adt\u00e4\u00adnyt kat\u00adta\u00admaan el\u00e4\u00admi\u00adsen kus\u00adtan\u00adnuk\u00adsia.&nbsp;<a rel=\"bookmark\" class=\"paragraph-permalink\" href=\"https:\/\/mummila.net\/marginaali\/2006\/04\/14\/allekirjoita-adressi-opintorahan-korotuksen-puolesta\/#post2136-r7vek9n0jd7ksrspvxxoomkyn\">#<\/a><\/p>\n<p id=\"post2136-96cjquvjyn1s8myu0ubyd1m33\">Hal\u00adli\u00adtus ei ole otta\u00adnut opin\u00adto\u00adra\u00adhan koro\u00adtus\u00adta vuo\u00adden 2007 bud\u00adjet\u00adti\u00adke\u00adhyk\u00adseen, mut\u00adta edus\u00adkun\u00adnal\u00adla on vie\u00adl\u00e4 mah\u00addol\u00adli\u00adsuus kor\u00adja\u00adta asia. Alle\u00adkir\u00adjoit\u00adta\u00admal\u00adla adres\u00adsin voit ker\u00adtoa kan\u00adsan\u00adedus\u00adta\u00adjil\u00adle, ett\u00e4 sinun\u00adkin mie\u00adles\u00adt\u00e4\u00adsi nyt on aika korot\u00adtaa opin\u00adto\u00adra\u00adhaa.\u201d&nbsp;<a rel=\"bookmark\" class=\"paragraph-permalink\" href=\"https:\/\/mummila.net\/marginaali\/2006\/04\/14\/allekirjoita-adressi-opintorahan-korotuksen-puolesta\/#post2136-96cjquvjyn1s8myu0ubyd1m33\">#<\/a><\/p>\n<p id=\"post2136-cw5p3r07hgxa8n6oa236qtk1m\"><a href=\"http:\/\/opintoraha.fi\/\">opintoraha.fi<\/a> (via <a href=\"http:\/\/herkku.vuodatus.net\/blog\/109823\">Herk\u00adku<\/a>)&nbsp;<a rel=\"bookmark\" class=\"paragraph-permalink\" href=\"https:\/\/mummila.net\/marginaali\/2006\/04\/14\/allekirjoita-adressi-opintorahan-korotuksen-puolesta\/#post2136-cw5p3r07hgxa8n6oa236qtk1m\">#<\/a><\/p><\/blockquote>\n","protected":false},"excerpt":{"rendered":"<p>opintoraha.fi:ss\u00e4 ker\u00e4\u00adt\u00e4\u00e4n nimi\u00e4 addres\u00adsiin, joka luo\u00advu\u00adte\u00adtaan edus\u00adkun\u00adnal\u00adle syk\u00adsyl\u00adl\u00e4&nbsp;2006.<\/p>\n","protected":false},"author":2,"featured_media":0,"comment_status":"closed","ping_status":"closed","sticky":false,"template":"","format":"standard","meta":{"wp_typography_post_enhancements_disabled":false,"footnotes":""},"categories":[1521],"tags":[],"class_list":["post-2136","post","type-post","status-publish","format-standard","hentry","category-meemit"],"_links":{"self":[{"href":"https:\/\/mummila.net\/marginaali\/wp-json\/wp\/v2\/posts\/2136","targetHints":{"allow":["GET"]}}],"collection":[{"href":"https:\/\/mummila.net\/marginaali\/wp-json\/wp\/v2\/posts"}],"about":[{"href":"https:\/\/mummila.net\/marginaali\/wp-json\/wp\/v2\/types\/post"}],"author":[{"embeddable":true,"href":"https:\/\/mummila.net\/marginaali\/wp-json\/wp\/v2\/users\/2"}],"replies":[{"embeddable":true,"href":"https:\/\/mummila.net\/marginaali\/wp-json\/wp\/v2\/comments?post=2136"}],"version-history":[{"count":0,"href":"https:\/\/mummila.net\/marginaali\/wp-json\/wp\/v2\/posts\/2136\/revisions"}],"wp:attachment":[{"href":"https:\/\/mummila.net\/marginaali\/wp-json\/wp\/v2\/media?parent=2136"}],"wp:term":[{"taxonomy":"category","embeddable":true,"href":"https:\/\/mummila.net\/marginaali\/wp-json\/wp\/v2\/categories?post=2136"},{"taxonomy":"post_tag","embeddable":true,"href":"https:\/\/mummila.net\/marginaali\/wp-json\/wp\/v2\/tags?post=2136"}],"curies":[{"name":"wp","href":"https:\/\/api.w.org\/{rel}","templated":true}]}}