{"id":2138,"date":"2006-04-15T14:20:21","date_gmt":"2006-04-15T11:20:21","guid":{"rendered":"http:\/\/www.mummila.net\/marginaali\/?p=2138"},"modified":"2006-04-15T14:20:21","modified_gmt":"2006-04-15T11:20:21","slug":"brunila-vaatii-marginaaliveron-laskemista","status":"publish","type":"post","link":"https:\/\/mummila.net\/marginaali\/2006\/04\/15\/brunila-vaatii-marginaaliveron-laskemista\/","title":{"rendered":"Brunila vaatii marginaaliveron laskemista"},"content":{"rendered":"<blockquote><p id=\"post2138-48djo6cmalbho3ii5uorgu1ps\">\u201cMet\u00ads\u00e4\u00adteol\u00adli\u00adsuus ry:n toi\u00admi\u00adtus\u00adjoh\u00adta\u00adja Anne Bru\u00adni\u00adla vaa\u00adtii mar\u00adgi\u00adnaa\u00adli\u00adve\u00adron las\u00adke\u00admis\u00adta. Aanulehden[N\u00e4in jutus\u00adsa luki vie\u00adl\u00e4 sil\u00adloin kun kopioin sitaat\u00adti\u00adni; se on kor\u00adjat\u00adtu ilmei\u00adses\u00adti puo\u00adlil\u00adta\u00adp\u00e4i\u00advin.] ja Turun Sano\u00admien haas\u00adtat\u00adte\u00adle\u00adma Bru\u00adni\u00adla ehdot\u00adtaa, ett\u00e4 kor\u00adkein mar\u00adgi\u00adnaa\u00adli\u00adve\u00adro\u00adpro\u00adsent\u00adti oli\u00adsi 50, kun nyt se on 57.\u201d&nbsp;<a rel=\"bookmark\" class=\"paragraph-permalink\" href=\"https:\/\/mummila.net\/marginaali\/2006\/04\/15\/brunila-vaatii-marginaaliveron-laskemista\/#post2138-48djo6cmalbho3ii5uorgu1ps\">#<\/a><\/p>\n<p id=\"post2138-9pv36nmusqjn2ek5votxfddlp\"><a href=\"http:\/\/www.yle.fi\/uutiset\/kotimaa\/\">Yle<\/a>&nbsp;<a rel=\"bookmark\" class=\"paragraph-permalink\" href=\"https:\/\/mummila.net\/marginaali\/2006\/04\/15\/brunila-vaatii-marginaaliveron-laskemista\/#post2138-9pv36nmusqjn2ek5votxfddlp\">#<\/a><\/p><\/blockquote>\n<p id=\"post2138-cps0s5u3t9vcw7fvbtno3257r\">Vai ett\u00e4 las\u00adkea pit\u00e4i\u00adsi! Mil\u00adl\u00e4s t\u00e4t\u00e4 mar\u00adgi\u00adnaa\u00adlia sit\u00adten sen j\u00e4l\u00adkeen oikein tuo\u00adtet\u00adtai\u00adsiin? Hyv\u00e4l\u00adl\u00e4 tah\u00addol\u00adla\u00adko, h\u00e4h?&nbsp;<a rel=\"bookmark\" class=\"paragraph-permalink\" href=\"https:\/\/mummila.net\/marginaali\/2006\/04\/15\/brunila-vaatii-marginaaliveron-laskemista\/#post2138-cps0s5u3t9vcw7fvbtno3257r\">#<\/a><\/p>\n<p id=\"post2138-hwfth7d7q7aoka55koeyppvne\">Voi kuul\u00adkaa olla, ett\u00e4 jos mar\u00adgi\u00adnaa\u00adli\u00adve\u00adroa pie\u00adnen\u00adne\u00adt\u00e4\u00e4n, niin min\u00e4 jou\u00addun t\u00e4\u00e4l\u00adl\u00e4 teke\u00adm\u00e4\u00e4n kar\u00adsin\u00adto\u00adja koval\u00adla k\u00e4del\u00adl\u00e4. Esi\u00admer\u00adkik\u00adsi v\u00e4hen\u00adt\u00e4\u00adm\u00e4\u00e4n k\u00e4y\u00adte\u00adtyn v\u00e4rin m\u00e4\u00e4\u00adr\u00e4\u00e4 - ei se tuo mus\u00adta\u00adkaan ihan ilmais\u00adta ole! Sit\u00adten\u00adk\u00f6 on muka\u00adva lukea mar\u00adgi\u00adnaa\u00adlia kun se on ihan har\u00admaa? Niin\u00adk\u00f6? Sit\u00e4\u00adk\u00f6 te todel\u00adla haluat\u00adte?&nbsp;<a rel=\"bookmark\" class=\"paragraph-permalink\" href=\"https:\/\/mummila.net\/marginaali\/2006\/04\/15\/brunila-vaatii-marginaaliveron-laskemista\/#post2138-hwfth7d7q7aoka55koeyppvne\">#<\/a><\/p>\n<p id=\"post2138-re1fp4f0cmjlvrhbeh7fkyt5l\">Pahim\u00admas\u00adsa tapauk\u00adses\u00adsa jou\u00addun jopa v\u00e4hen\u00adt\u00e4\u00adm\u00e4\u00e4n p\u00e4i\u00advi\u00adtys\u00adtah\u00adtia. Sy\u00f6\u00adt\u00e4\u00adv\u00e4 se on minun\u00adkin, ja mil\u00adl\u00e4s min\u00e4 sit\u00adten muka jak\u00adsan puser\u00adtaa itses\u00adt\u00e4\u00adni p\u00e4i\u00advi\u00adtyk\u00adsi\u00e4 joka p\u00e4i\u00adv\u00e4, jos eiv\u00e4t teil\u00adt\u00e4 ker\u00e4\u00adtyt mar\u00adgi\u00adnaa\u00adli\u00adve\u00adrot rii\u00adt\u00e4 en\u00e4\u00e4 edes l\u00e4t\u00adtyi\u00adhin?&nbsp;<a rel=\"bookmark\" class=\"paragraph-permalink\" href=\"https:\/\/mummila.net\/marginaali\/2006\/04\/15\/brunila-vaatii-marginaaliveron-laskemista\/#post2138-re1fp4f0cmjlvrhbeh7fkyt5l\">#<\/a><\/p>\n<p id=\"post2138-f7mcnceinrrkecojxxitqn7mj\">Ja sit\u00e4 paitsi\u2026<br>\nNo joo, eik\u00f6\u00adh\u00e4n t\u00e4m\u00e4 vit\u00adsi ollut t\u00e4s\u00ads\u00e4.&nbsp;<a rel=\"bookmark\" class=\"paragraph-permalink\" href=\"https:\/\/mummila.net\/marginaali\/2006\/04\/15\/brunila-vaatii-marginaaliveron-laskemista\/#post2138-f7mcnceinrrkecojxxitqn7mj\">#<\/a><\/p>\n","protected":false},"excerpt":{"rendered":"<p>Met\u00ads\u00e4\u00adteol\u00adli\u00adsuus ry:n toi\u00admi\u00adtus\u00adjoh\u00adta\u00adja Anne Bru\u00adni\u00adla vaa\u00adtii mar\u00adgi\u00adnaa\u00adli\u00adve\u00adron las\u00adke\u00admis\u00adta. Mar\u00adgi\u00adnaa\u00adli\u00admies vastaa.<\/p>\n","protected":false},"author":2,"featured_media":0,"comment_status":"closed","ping_status":"closed","sticky":false,"template":"","format":"standard","meta":{"wp_typography_post_enhancements_disabled":false,"footnotes":""},"categories":[11444],"tags":[],"class_list":["post-2138","post","type-post","status-publish","format-standard","hentry","category-merkinnat"],"_links":{"self":[{"href":"https:\/\/mummila.net\/marginaali\/wp-json\/wp\/v2\/posts\/2138","targetHints":{"allow":["GET"]}}],"collection":[{"href":"https:\/\/mummila.net\/marginaali\/wp-json\/wp\/v2\/posts"}],"about":[{"href":"https:\/\/mummila.net\/marginaali\/wp-json\/wp\/v2\/types\/post"}],"author":[{"embeddable":true,"href":"https:\/\/mummila.net\/marginaali\/wp-json\/wp\/v2\/users\/2"}],"replies":[{"embeddable":true,"href":"https:\/\/mummila.net\/marginaali\/wp-json\/wp\/v2\/comments?post=2138"}],"version-history":[{"count":0,"href":"https:\/\/mummila.net\/marginaali\/wp-json\/wp\/v2\/posts\/2138\/revisions"}],"wp:attachment":[{"href":"https:\/\/mummila.net\/marginaali\/wp-json\/wp\/v2\/media?parent=2138"}],"wp:term":[{"taxonomy":"category","embeddable":true,"href":"https:\/\/mummila.net\/marginaali\/wp-json\/wp\/v2\/categories?post=2138"},{"taxonomy":"post_tag","embeddable":true,"href":"https:\/\/mummila.net\/marginaali\/wp-json\/wp\/v2\/tags?post=2138"}],"curies":[{"name":"wp","href":"https:\/\/api.w.org\/{rel}","templated":true}]}}