{"id":2139,"date":"2006-04-15T17:12:45","date_gmt":"2006-04-15T14:12:45","guid":{"rendered":"http:\/\/www.mummila.net\/marginaali\/?p=2139"},"modified":"2006-04-15T17:12:45","modified_gmt":"2006-04-15T14:12:45","slug":"telkkucom-sulki-kommentoinnin","status":"publish","type":"post","link":"https:\/\/mummila.net\/marginaali\/2006\/04\/15\/telkkucom-sulki-kommentoinnin\/","title":{"rendered":"Telkku.com sulki kommentoinnin"},"content":{"rendered":"<blockquote><p id=\"post2139-5auk3jqkkchrcw81hrnyg49oy\">\u201cIlmen\u00adnei\u00adden lukuis\u00adten asiat\u00adto\u00admuuk\u00adsien vuok\u00adsi ohjel\u00admien kom\u00admen\u00adtoin\u00adti on v\u00e4liai\u00adkai\u00adses\u00adti pois\u00adtet\u00adtu k\u00e4y\u00adt\u00f6s\u00adt\u00e4. Kom\u00adment\u00adti\u00adj\u00e4r\u00adjes\u00adtel\u00adm\u00e4\u00e4 kehi\u00adte\u00adt\u00e4\u00e4n toi\u00admi\u00advam\u00admak\u00adsi ja se palaa k\u00e4yt\u00adt\u00f6\u00f6n kes\u00e4n aika\u00adna.\u201d&nbsp;<a rel=\"bookmark\" class=\"paragraph-permalink\" href=\"https:\/\/mummila.net\/marginaali\/2006\/04\/15\/telkkucom-sulki-kommentoinnin\/#post2139-5auk3jqkkchrcw81hrnyg49oy\">#<\/a><\/p>\n<p id=\"post2139-mgb8rxfqj8p21wlm5gcwmu9kb\"><a href=\"http:\/\/www.telkku.com\">Telkku.com<\/a>: <a href=\"http:\/\/www.telkku.com\/tiedot?oid=5515624&amp;toiminto=kommentit&amp;tunniste=Avara%20luonto:%20Pikkulintu%20ja%20tiedemies\">\u201cKom\u00admen\u00adtit-osio v\u00e4liai\u00adkai\u00adses\u00adti pois k\u00e4y\u00adt\u00f6s\u00adt\u00e4\u201d<\/a>&nbsp;<a rel=\"bookmark\" class=\"paragraph-permalink\" href=\"https:\/\/mummila.net\/marginaali\/2006\/04\/15\/telkkucom-sulki-kommentoinnin\/#post2139-mgb8rxfqj8p21wlm5gcwmu9kb\">#<\/a><\/p><\/blockquote>\n<p id=\"post2139-ao3gt0c23evdior0gjmbkggsu\">Foo\u00adru\u00admil\u00adla yll\u00e4\u00adpi\u00addon edus\u00adta\u00adja selit\u00adt\u00e4\u00e4 saman omin sanoin:&nbsp;<a rel=\"bookmark\" class=\"paragraph-permalink\" href=\"https:\/\/mummila.net\/marginaali\/2006\/04\/15\/telkkucom-sulki-kommentoinnin\/#post2139-ao3gt0c23evdior0gjmbkggsu\">#<\/a><\/p>\n<blockquote><p id=\"post2139-e3wv9gi3occl0qgm4nthdpumd\">\u201cN\u00e4in yll\u00e4\u00adpi\u00addon edus\u00adta\u00adja\u00adna voi\u00adsin t\u00e4h\u00e4n sen ver\u00adran sanoa, ett\u00e4 kom\u00adment\u00adtien sul\u00adke\u00admi\u00adnen oli pak\u00adko\u00adti\u00adlan\u00adne, johon lukui\u00adsat h\u00e4i\u00adri\u00adk\u00f6t yll\u00e4\u00adpi\u00addon ajoi\u00advat. Kom\u00admen\u00adteis\u00adta oli kui\u00adten\u00adkin var\u00admaan luok\u00adkaa 90&nbsp;% eka-vies\u00adte\u00adj\u00e4 ja mui\u00adta vie\u00adl\u00e4 pahem\u00adpia asiat\u00adto\u00admuuk\u00adsia. Lis\u00e4k\u00adsi Tel\u00adkun palau\u00adte\u00adlaa\u00adtik\u00adko alkoi jo pur\u00adsua\u00admaan vali\u00adtuk\u00adsia kom\u00adment\u00adtien rivos\u00adta kie\u00adlen\u00adk\u00e4y\u00adt\u00f6s\u00adt\u00e4.\u201d&nbsp;<a rel=\"bookmark\" class=\"paragraph-permalink\" href=\"https:\/\/mummila.net\/marginaali\/2006\/04\/15\/telkkucom-sulki-kommentoinnin\/#post2139-e3wv9gi3occl0qgm4nthdpumd\">#<\/a><\/p>\n<p id=\"post2139-casd473b99qwpccuyqwleagpj\"><a href=\"http:\/\/www.telkku.com\/keskustelut?tila=viestit&amp;osasto=500&amp;vk=1573\">Telkku.com-foorumi<\/a>: <a href=\"http:\/\/www.telkku.com\/keskustelut?tila=viestit&amp;osasto=500&amp;lkm=0&amp;eka=20&amp;vk=1573\">teha\u00adpo @12.04.2006 klo 22:15<\/a>&nbsp;<a rel=\"bookmark\" class=\"paragraph-permalink\" href=\"https:\/\/mummila.net\/marginaali\/2006\/04\/15\/telkkucom-sulki-kommentoinnin\/#post2139-casd473b99qwpccuyqwleagpj\">#<\/a><\/p><\/blockquote>\n<p id=\"post2139-7ktqxqwg3g86skllaaraqvhk6\">Toi\u00adsaal\u00adta on aina s\u00e4\u00e4\u00adli n\u00e4h\u00add\u00e4 kun suo\u00adsion kas\u00advaes\u00adsa sen oheis\u00adtuot\u00adtee\u00adna luon\u00adto\u00adjaan syn\u00adty\u00adv\u00e4\u00e4 anar\u00adki\u00adaa ryh\u00addy\u00adt\u00e4\u00e4n kit\u00adke\u00adm\u00e4\u00e4n, mut\u00adta toi\u00adsaal\u00adta Telkku.com:lla nyt on hyvin sel\u00adke\u00e4 oma eri\u00adtyi\u00adsa\u00adlu\u00adeen\u00adsa jon\u00adka yst\u00e4\u00advien pal\u00adve\u00adle\u00admis\u00adta aja\u00adtel\u00adlen tuo on ihan j\u00e4r\u00adkeen\u00adk\u00e4y\u00adp\u00e4\u00e4.&nbsp;<a rel=\"bookmark\" class=\"paragraph-permalink\" href=\"https:\/\/mummila.net\/marginaali\/2006\/04\/15\/telkkucom-sulki-kommentoinnin\/#post2139-7ktqxqwg3g86skllaaraqvhk6\">#<\/a><\/p>\n","protected":false},"excerpt":{"rendered":"<p>Yll\u00e4\u00adpi\u00addon mukaan \u201ckom\u00adment\u00adtien sul\u00adke\u00admi\u00adnen oli pak\u00adko\u00adti\u00adlan\u00adne, johon lukui\u00adsat h\u00e4i\u00adri\u00adk\u00f6t yll\u00e4\u00adpi\u00addon ajoivat.\u201d<\/p>\n","protected":false},"author":2,"featured_media":0,"comment_status":"closed","ping_status":"closed","sticky":false,"template":"","format":"standard","meta":{"wp_typography_post_enhancements_disabled":false,"footnotes":""},"categories":[1521],"tags":[],"class_list":["post-2139","post","type-post","status-publish","format-standard","hentry","category-meemit"],"_links":{"self":[{"href":"https:\/\/mummila.net\/marginaali\/wp-json\/wp\/v2\/posts\/2139","targetHints":{"allow":["GET"]}}],"collection":[{"href":"https:\/\/mummila.net\/marginaali\/wp-json\/wp\/v2\/posts"}],"about":[{"href":"https:\/\/mummila.net\/marginaali\/wp-json\/wp\/v2\/types\/post"}],"author":[{"embeddable":true,"href":"https:\/\/mummila.net\/marginaali\/wp-json\/wp\/v2\/users\/2"}],"replies":[{"embeddable":true,"href":"https:\/\/mummila.net\/marginaali\/wp-json\/wp\/v2\/comments?post=2139"}],"version-history":[{"count":0,"href":"https:\/\/mummila.net\/marginaali\/wp-json\/wp\/v2\/posts\/2139\/revisions"}],"wp:attachment":[{"href":"https:\/\/mummila.net\/marginaali\/wp-json\/wp\/v2\/media?parent=2139"}],"wp:term":[{"taxonomy":"category","embeddable":true,"href":"https:\/\/mummila.net\/marginaali\/wp-json\/wp\/v2\/categories?post=2139"},{"taxonomy":"post_tag","embeddable":true,"href":"https:\/\/mummila.net\/marginaali\/wp-json\/wp\/v2\/tags?post=2139"}],"curies":[{"name":"wp","href":"https:\/\/api.w.org\/{rel}","templated":true}]}}