{"id":2148,"date":"2006-04-21T08:14:04","date_gmt":"2006-04-21T05:14:04","guid":{"rendered":"http:\/\/www.mummila.net\/marginaali\/?p=2148"},"modified":"2006-04-21T08:14:04","modified_gmt":"2006-04-21T05:14:04","slug":"kirjastossa-2","status":"publish","type":"post","link":"https:\/\/mummila.net\/marginaali\/2006\/04\/21\/kirjastossa-2\/","title":{"rendered":"Kirjastossa"},"content":{"rendered":"<p id=\"post2148-r9tfriv9sw98cy1osegpp6uwp\">Sii\u00adn\u00e4 min\u00e4 olen, kir\u00adjas\u00adton sar\u00adja\u00adku\u00advao\u00adsas\u00adtol\u00adla, t\u00e4y\u00addel\u00adli\u00adsen imper\u00adfek\u00adti-impo\u00adtent\u00adti\u00adna luet\u00adtua\u00adni l\u00e4pi <a href=\"http:\/\/veloena.blogspot.com\/\"><strong>Veloe\u00adnan<\/strong><\/a> koko tuo\u00adtan\u00adnon, kun <a href=\"http:\/\/images.google.fi\/images?svnum=10&amp;hl=fi&amp;lr=lang_en%7Clang_fi&amp;q=jere+karalahti&amp;btnG=Hae\"><strong>Jere Kara\u00adlah\u00adden<\/strong><\/a> n\u00e4k\u00f6i\u00adnen k\u00f6ri\u00adl\u00e4s tulee sei\u00adsos\u00adke\u00adle\u00admaan uhkaa\u00advan n\u00e4k\u00f6i\u00adse\u00adn\u00e4 sel\u00adk\u00e4\u00adni taak\u00adse.&nbsp;<a rel=\"bookmark\" class=\"paragraph-permalink\" href=\"https:\/\/mummila.net\/marginaali\/2006\/04\/21\/kirjastossa-2\/#post2148-r9tfriv9sw98cy1osegpp6uwp\">#<\/a><\/p>\n<p id=\"post2148-fqh06s4kvi3cqw3givik0babf\">Ensin luu\u00adlen h\u00e4nen\u00adkin ole\u00advan vain itse\u00adni tavoin kiin\u00adnos\u00adtu\u00adnut <a href=\"http:\/\/images.google.fi\/images?q=manara&amp;hl=fi&amp;btnG=Etsi+kuvia\"><strong><span lang=\"it\">Milo Mana\u00adra<\/span>n<\/strong><\/a> sar\u00adja\u00adku\u00advis\u00adta, mut\u00adta sit\u00adten h\u00e4n avaa suun\u00adsa ja sanoo kime\u00e4l\u00adl\u00e4 \u00e4\u00e4nel\u00adl\u00e4: \u201cMin\u00e4 olen <a href=\"http:\/\/sunaitis.blogsome.com\/2006\/04\/14\/nettilukkokannanotto\/#-1413\">kir\u00adjas\u00adto\u00adt\u00e4\u00adti<\/a>. Nyt on kuu\u00adle\u00adpa sil\u00adl\u00e4 lail\u00adla, ett\u00e4 sin\u00e4 et saa lues\u00adkel\u00adla noi\u00adta <span lang=\"it\">Mana\u00adra<\/span>n sar\u00adja\u00adku\u00advia t\u00e4\u00e4l\u00adl\u00e4.\u201d&nbsp;<a rel=\"bookmark\" class=\"paragraph-permalink\" href=\"https:\/\/mummila.net\/marginaali\/2006\/04\/21\/kirjastossa-2\/#post2148-fqh06s4kvi3cqw3givik0babf\">#<\/a><\/p>\n<p id=\"post2148-g50lehahcfb3ksjrgxkdo1w83\">\u201cMi-mit\u00e4?!\u201d, min\u00e4 s\u00e4h\u00e4h\u00add\u00e4n reto\u00adri\u00adses\u00adti, hen\u00adke\u00e4\u00adni hauk\u00adkoen. Olen niin h\u00e4m\u00adm\u00e4s\u00adty\u00adnyt, ett\u00e4 kai\u00advan vasem\u00adman k\u00e4te\u00adni ulos housuis\u00adta\u00adni ja tun\u00adgen sen oike\u00adaan sie\u00adrai\u00admee\u00adni, jol\u00adla ep\u00e4\u00adon\u00adnek\u00adse\u00adni juu\u00adri sil\u00adl\u00e4 het\u00adkel\u00adl\u00e4 hen\u00adgi\u00adt\u00e4n. K\u00f6hit\u00adty\u00e4\u00adni v\u00e4h\u00e4n aikaa hap\u00adpea <a href=\"http:\/\/justsopivasti.blogspot.com\/2006\/04\/toinen-sierain.html\">toi\u00adnen sie\u00adrai\u00adme\u00adni<\/a> alkaa toi\u00admia ja samal\u00adla alan toin\u00adtua pahim\u00admas\u00adta alku\u00adh\u00e4m\u00adm\u00e4s\u00adtyk\u00adses\u00adt\u00e4\u00adni.&nbsp;<a rel=\"bookmark\" class=\"paragraph-permalink\" href=\"https:\/\/mummila.net\/marginaali\/2006\/04\/21\/kirjastossa-2\/#post2148-g50lehahcfb3ksjrgxkdo1w83\">#<\/a><\/p>\n<p id=\"post2148-pat29gpnmfk3k923runrj3qe5\">Kysyn Jerel\u00adt\u00e4: \u201cMut\u00adta min\u00e4 luu\u00adlin ett\u00e4 t\u00e4m\u00e4 on ylei\u00adnen kir\u00adjas\u00adto. Ette\u00adk\u00f6 te siis ole\u00adkaan tilan\u00adneet t\u00e4n\u00adne kaik\u00adkia n\u00e4i\u00adt\u00e4 kir\u00adjo\u00adja, jot\u00adta ihmi\u00adset voi\u00adsi\u00advat lukea nii\u00adt\u00e4?\u201d&nbsp;<a rel=\"bookmark\" class=\"paragraph-permalink\" href=\"https:\/\/mummila.net\/marginaali\/2006\/04\/21\/kirjastossa-2\/#post2148-pat29gpnmfk3k923runrj3qe5\">#<\/a><\/p>\n<p id=\"post2148-35uaeg5j2cbflo9sjp4j281ic\">\u201cEi, ehei!\u201d, sanoo Kara\u00adlah\u00adti. \u201cN\u00e4m\u00e4 kir\u00adjat\u00adhan ovat pelk\u00adki\u00e4 koris\u00adtei\u00adta.\u201d&nbsp;<a rel=\"bookmark\" class=\"paragraph-permalink\" href=\"https:\/\/mummila.net\/marginaali\/2006\/04\/21\/kirjastossa-2\/#post2148-35uaeg5j2cbflo9sjp4j281ic\">#<\/a><\/p>\n<p id=\"post2148-nc8u1mldw7npc7swebt01squc\">\u201cNo voi Saa\u00adta\u00adna\u201d, min\u00e4 sanon.&nbsp;<a rel=\"bookmark\" class=\"paragraph-permalink\" href=\"https:\/\/mummila.net\/marginaali\/2006\/04\/21\/kirjastossa-2\/#post2148-nc8u1mldw7npc7swebt01squc\">#<\/a><\/p>\n<p id=\"post2148-6057ase4etr0972c00njbtikg\">Sil\u00adloin Jere alkaa eleh\u00adti\u00e4 ja nyt\u00adke\u00adleh\u00adti\u00e4 vil\u00adlis\u00adti, n\u00e4yt\u00adt\u00e4en aivan <a href=\"http:\/\/images.google.fi\/images?svnum=10&amp;hl=fi&amp;lr=lang_en%7Clang_fi&amp;q=jim+carrey&amp;btnG=Hae\"><strong><span lang=\"en\">Jim Car\u00adrey<\/span>lta<\/strong><\/a>, ja huu\u00adtaa: \u201cSttttt-rike <em>twooooo<\/em>!\u201d Min\u00e4 nousen sei\u00adso\u00admaan ja annan h\u00e4nel\u00adle rai\u00adku\u00advat aplo\u00addit oikeal\u00adla k\u00e4del\u00adl\u00e4\u00adni. Sen j\u00e4l\u00adkeen aset\u00adtau\u00addun takai\u00adsin maa\u00adhan ja siki\u00f6\u00adasen\u00adtoon.&nbsp;<a rel=\"bookmark\" class=\"paragraph-permalink\" href=\"https:\/\/mummila.net\/marginaali\/2006\/04\/21\/kirjastossa-2\/#post2148-6057ase4etr0972c00njbtikg\">#<\/a><\/p>\n<p id=\"post2148-ltdh9qa67vdqejer05mem8ob8\">Sit\u00adten Kara\u00adlah\u00adti jat\u00adkaa: \u201cEtte te voi tuol\u00adla taval\u00adla puhua. T\u00e4m\u00e4\u00adh\u00e4n on kir\u00adjas\u00adto, hyv\u00e4 mies!\u201d&nbsp;<a rel=\"bookmark\" class=\"paragraph-permalink\" href=\"https:\/\/mummila.net\/marginaali\/2006\/04\/21\/kirjastossa-2\/#post2148-ltdh9qa67vdqejer05mem8ob8\">#<\/a><\/p>\n<p id=\"post2148-1q7nc7frljxipc7u6s0hhftyf\">Olen entis\u00adt\u00e4\u00adkin h\u00e4m\u00admen\u00adty\u00adneem\u00adpi. \u201cMut\u00adta\u2026 te ette ymm\u00e4r\u00adr\u00e4. Min\u00e4\u00adh\u00e4n olen nai\u00adnen ja\u2026 ja Saa\u00adta\u00adna on minun is\u00e4\u00adni. Enk\u00f6 min\u00e4 siis saa en\u00e4\u00e4 lausua is\u00e4\u00adni nime\u00e4 t\u00e4\u00e4l\u00adl\u00e4 kir\u00adjas\u00adtos\u00adsa?\u201d&nbsp;<a rel=\"bookmark\" class=\"paragraph-permalink\" href=\"https:\/\/mummila.net\/marginaali\/2006\/04\/21\/kirjastossa-2\/#post2148-1q7nc7frljxipc7u6s0hhftyf\">#<\/a><\/p>\n<p id=\"post2148-hdd2rpehq4ohp11xdljclbk0r\">\u201cEtte!\u201d, Jere \u00e4r\u00e4h\u00adt\u00e4\u00e4. \u201cTe ette nyt alkuun\u00adkaan tun\u00adnu tie\u00adt\u00e4\u00adv\u00e4n, mil\u00adlai\u00adnen meno kir\u00adjas\u00adtois\u00adsa on nykyi\u00adsin. Kat\u00adso\u00adkaa\u00adpas tuon\u00adne nurk\u00adkaan. N\u00e4et\u00adte\u00adk\u00f6 siel\u00adl\u00e4 ole\u00advan p\u00f6m\u00adpe\u00adlin?\u201d&nbsp;<a rel=\"bookmark\" class=\"paragraph-permalink\" href=\"https:\/\/mummila.net\/marginaali\/2006\/04\/21\/kirjastossa-2\/#post2148-hdd2rpehq4ohp11xdljclbk0r\">#<\/a><\/p>\n<p id=\"post2148-1w0vr6bjeu18xoanl5ld97eos\">\u201cKyl\u00adl\u00e4.\u201d&nbsp;<a rel=\"bookmark\" class=\"paragraph-permalink\" href=\"https:\/\/mummila.net\/marginaali\/2006\/04\/21\/kirjastossa-2\/#post2148-1w0vr6bjeu18xoanl5ld97eos\">#<\/a><\/p>\n<p id=\"post2148-ow3olih3y0xyvc71aw3jlbftn\">\u201cSe p\u00f6m\u00adpe\u00adli on nimel\u00adt\u00e4\u00e4n Inter\u00adnet. Kaik\u00adki tie\u00addon\u00adha\u00adku kir\u00adjas\u00adtois\u00adsa tapah\u00adtuu nykyi\u00adsin sen avul\u00adla. Ent\u00e4 n\u00e4et\u00adte\u00adk\u00f6 sit\u00adten tuon <a href=\"http:\/\/images.google.fi\/images?svnum=10&amp;hl=fi&amp;lr=lang_en%7Clang_fi&amp;q=seppo+k%C3%A4%C3%A4ri%C3%A4inen&amp;btnG=Hae\"><strong>Sep\u00adpo K\u00e4\u00e4\u00adri\u00e4i\u00adsen<\/strong><\/a> n\u00e4k\u00f6i\u00adsen mie\u00adhen istu\u00admas\u00adsa sen p\u00f6m\u00adpe\u00adlin \u00e4\u00e4res\u00ads\u00e4?\u201d&nbsp;<a rel=\"bookmark\" class=\"paragraph-permalink\" href=\"https:\/\/mummila.net\/marginaali\/2006\/04\/21\/kirjastossa-2\/#post2148-ow3olih3y0xyvc71aw3jlbftn\">#<\/a><\/p>\n<p id=\"post2148-1w0vr6bjeu18xoanl5ld97eos\">\u201cKyl\u00adl\u00e4.\u201d&nbsp;<a rel=\"bookmark\" class=\"paragraph-permalink\" href=\"https:\/\/mummila.net\/marginaali\/2006\/04\/21\/kirjastossa-2\/#post2148-1w0vr6bjeu18xoanl5ld97eos\">#<\/a><\/p>\n<p id=\"post2148-noi5anxuclrmkr7jxbn70eum4\">\u201cNo, se mies on Sep\u00adpo K\u00e4\u00e4\u00adri\u00e4i\u00adnen. H\u00e4nen sylis\u00ads\u00e4\u00e4n istu\u00adva mies on puo\u00adles\u00adtaan <strong>Maa\u00adlai\u00adnen<\/strong>, joka on t\u00e4\u00e4l\u00adl\u00e4 sen takia, ett\u00e4 on ole\u00admas\u00adsa v\u00e4\u00e4\u00adr\u00e4\u00e4 ja <a href=\"http:\/\/mummila.net\/marginaali\/2004\/04\/26\/neurootikon-kirjallisuuspaivitys\/86#comment-6847\">oike\u00adaa kie\u00adlen\u00adk\u00e4yt\u00adt\u00f6\u00e4<\/a>. H\u00e4n voi opet\u00adtaa tei\u00adt\u00e4. Sit\u00adten huo\u00admau\u00adtan vie\u00adl\u00e4 er\u00e4\u00e4s\u00adt\u00e4 sei\u00adkas\u00adta\u201d, sanoo Kara\u00adlah\u00adti samal\u00adla, kun h\u00e4nen p\u00e4\u00e4n\u00ads\u00e4 muut\u00adtuu <a href=\"http:\/\/images.google.fi\/images?q=Jussi+Jurkka&amp;hl=fi&amp;btnG=Etsi+kuvia\"><strong>Jus\u00adsi Jur\u00adkan<\/strong><\/a> p\u00e4\u00e4k\u00adsi. \u201cTuo tei\u00add\u00e4n otsas\u00adsan\u00adne ole\u00adva tatuoin\u00adti, sit\u00e4 ei voi\u00adda hyv\u00e4k\u00adsy\u00e4 t\u00e4\u00e4l\u00adl\u00e4.\u201d&nbsp;<a rel=\"bookmark\" class=\"paragraph-permalink\" href=\"https:\/\/mummila.net\/marginaali\/2006\/04\/21\/kirjastossa-2\/#post2148-noi5anxuclrmkr7jxbn70eum4\">#<\/a><\/p>\n<p id=\"post2148-j9kw9w2um03p022crw5y6cicw\">\u201cT\u00e4m\u00e4\u00adk\u00f6? Mut\u00adta t\u00e4m\u00e4\u00adh\u00e4n on vain ihan via\u00adton kuva mie\u00adhes\u00adt\u00e4 ja nai\u00adses\u00adta kiih\u00adke\u00e4s\u00ads\u00e4 anaa\u00adliyhd\u2026\u201d&nbsp;<a rel=\"bookmark\" class=\"paragraph-permalink\" href=\"https:\/\/mummila.net\/marginaali\/2006\/04\/21\/kirjastossa-2\/#post2148-j9kw9w2um03p022crw5y6cicw\">#<\/a><\/p>\n<p id=\"post2148-kcvhin68vkxuspnyxmfv8wgty\">Sil\u00adloin Jus\u00adsi Jurk\u00adka hy\u00f6k\u00adk\u00e4\u00e4 kimp\u00adpuu\u00adni vil\u00adlis\u00adti \u00e4hk\u00e4is\u00adten, ja alkaa raas\u00adtaa otsaa\u00adni mat\u00adto\u00adveits\u00ads\u00f6\u00adtu\u00adh\u00f6\u00adahs\u00adg\u00f6\u00adun\u00adva\u00ads\u00f6\u00adun\u00f6\u00adav\u00ads\u00f6iur a\u00f6rubh a\u00f6iuvb\u00f6\u00adauv\u00adbi\u00f6pr\u00adp\u00f6rh pqrhrq39\u00e5hg\u00e59g h\u00e5  ghpuh\u00adperh gpruhgp9hvfp 8hg rh p\u00f6rhgp938hg p9o\u00f6eq h\u00f6grh q9hg\u00e5jvasofijv\u00e5qgj \u00b400gh q3\u00e54g \u00e5h 9hg\u00e5q 3h8\u00e5g \u00e5qrh\u00e5rg \u00e5rhg 9qrgh qr g\u00e5qhjg q\u00b43gh \u00b40<a href=\"http:\/\/krapulablogi.blogspot.com\/\">Vt<\/a>jas\u00adfi\u00e4vj saf\u00e4mv-kjg\u00e4q\u00adrijh \u00e5rgh q3hgq\u00e5 3h \u00e4ivj \u00e4irjg q\u00e5h g \u00e5ivr\u00adho\u00ad\u00e4i vn\u00e4o rvnqo\u00e5 hq\u00e5834hg\u00e5 nv\u00e4irnv<a href=\"http:\/\/sellisti.blogspot.com\/\">ronald rea\u00adgan<\/a> \u00e4ori hvo\u00adrihv \u00e5rg q\u00e5\u00e4gh\u00e58 hv\u00e58h \u00e5rqj4g\u00e4igj \u00e4oivh\u00e59v\u00e5qw49ut\u00a83j opJ\u00adV\u00c4<a href=\"http:\/\/paaauki.blogspot.com\/\">PA<\/a> J\u00d6OAS IH Oh oiH\u00adGA\u00ad\u00c4\u00adOH GO\u00d6HG \u00c5OEHG \u00c5ARGHN \u00c4OAHJ O\u00d6HA\u00ad\u00e4o \u00e4oaI  HA \u00c5GH \u00c5AVA\u00c4A <a href=\"http:\/\/justsopivasti.blogspot.com\/\">js<\/a>\u00e4 \u00e4 hg \u00e5eh g\u00e5h \u00e5dgh rghs\u00e5ehg \u00e5ewhg0q39g q3\u00e5\u00e4ivnje\u00f6ioajv\u00e5o  r8h\u00e5q3 <a href=\"http:\/\/www.lariq.net\/blogit\/mitvit\/\"><strong>David Has\u00adsel\u00adblog<\/strong><\/a> g\u00e5q3 hnv\u00e4\u00adviofvn\u00adh\u00f6\u00adoi hr8hg\u00e5q 3h\u00e58h g\u00e50q9h q9vnsa\u00e4oivh\u00e4r gknvlkhfohyq\u00e5894hq\u00e5 34ht\u00e5ijg\u00e5qw gh\u00e5q03h8h48 \u00e5gqh&nbsp;<a rel=\"bookmark\" class=\"paragraph-permalink\" href=\"https:\/\/mummila.net\/marginaali\/2006\/04\/21\/kirjastossa-2\/#post2148-kcvhin68vkxuspnyxmfv8wgty\">#<\/a><\/p>\n","protected":false},"excerpt":{"rendered":"<p>Sii\u00adn\u00e4 min\u00e4 olen, kir\u00adjas\u00adton sar\u00adja\u00adku\u00advao\u00adsas\u00adtol\u00adla, t\u00e4y\u00addel\u00adli\u00adsen imper\u00adfek\u00adti-impo\u00adtent\u00adti\u00adna luet\u00adtua\u00adni l\u00e4pi Veloe\u00adnan koko tuo\u00adtan\u00adnon, kun Jere Kara\u00adlah\u00adden n\u00e4k\u00f6i\u00adnen k\u00f6ri\u00adl\u00e4s tulee sei\u00adsos\u00adke\u00adle\u00admaan uhkaa\u00advan n\u00e4k\u00f6i\u00adse\u00adn\u00e4 sel\u00adk\u00e4\u00adni taakse.<\/p>\n","protected":false},"author":2,"featured_media":0,"comment_status":"closed","ping_status":"closed","sticky":false,"template":"","format":"standard","meta":{"wp_typography_post_enhancements_disabled":false,"footnotes":""},"categories":[11444],"tags":[12,1125],"class_list":["post-2148","post","type-post","status-publish","format-standard","hentry","category-merkinnat","tag-internet","tag-kirjasto"],"_links":{"self":[{"href":"https:\/\/mummila.net\/marginaali\/wp-json\/wp\/v2\/posts\/2148","targetHints":{"allow":["GET"]}}],"collection":[{"href":"https:\/\/mummila.net\/marginaali\/wp-json\/wp\/v2\/posts"}],"about":[{"href":"https:\/\/mummila.net\/marginaali\/wp-json\/wp\/v2\/types\/post"}],"author":[{"embeddable":true,"href":"https:\/\/mummila.net\/marginaali\/wp-json\/wp\/v2\/users\/2"}],"replies":[{"embeddable":true,"href":"https:\/\/mummila.net\/marginaali\/wp-json\/wp\/v2\/comments?post=2148"}],"version-history":[{"count":0,"href":"https:\/\/mummila.net\/marginaali\/wp-json\/wp\/v2\/posts\/2148\/revisions"}],"wp:attachment":[{"href":"https:\/\/mummila.net\/marginaali\/wp-json\/wp\/v2\/media?parent=2148"}],"wp:term":[{"taxonomy":"category","embeddable":true,"href":"https:\/\/mummila.net\/marginaali\/wp-json\/wp\/v2\/categories?post=2148"},{"taxonomy":"post_tag","embeddable":true,"href":"https:\/\/mummila.net\/marginaali\/wp-json\/wp\/v2\/tags?post=2148"}],"curies":[{"name":"wp","href":"https:\/\/api.w.org\/{rel}","templated":true}]}}