{"id":2201,"date":"2006-05-11T21:45:58","date_gmt":"2006-05-11T18:45:58","guid":{"rendered":"http:\/\/www.mummila.net\/marginaali\/?p=2201"},"modified":"2006-05-11T21:45:58","modified_gmt":"2006-05-11T18:45:58","slug":"olen-nahnyt-veloena-neidin-kaupassa","status":"publish","type":"post","link":"https:\/\/mummila.net\/marginaali\/2006\/05\/11\/olen-nahnyt-veloena-neidin-kaupassa\/","title":{"rendered":"Olen n\u00e4hnyt Veloena-neidin kaupassa"},"content":{"rendered":"<p id=\"post2201-eht2wd53ygt9w3m0fj08v08gp\"><a href=\"http:\/\/mummila.net\/wiki\/Tiedosto:Veloena.jpg\"><img loading=\"lazy\" decoding=\"async\" src=\"http:\/\/mummila.net\/marginaali\/files\/2009\/06\/veloenan-silma.jpg\" alt=\"Veloenan silm\u00e4\" title=\"Veloenan silm\u00e4\" width=\"120\" height=\"90\" class=\"alignnone size-full wp-image-8522\"><\/a>&nbsp;<a rel=\"bookmark\" class=\"paragraph-permalink\" href=\"https:\/\/mummila.net\/marginaali\/2006\/05\/11\/olen-nahnyt-veloena-neidin-kaupassa\/#post2201-eht2wd53ygt9w3m0fj08v08gp\">#<\/a><\/p>\n<p id=\"post2201-8e7bypskpg0ex6cufai4bw4nk\">Ase\u00admal\u00adla, Pen\u00addo\u00adli\u00adnon liu\u00adkues\u00adsa ykk\u00f6s\u00adrai\u00adteel\u00adle minul\u00adle val\u00adke\u00adnee, etten oikeas\u00adtaan tie\u00add\u00e4, mil\u00adt\u00e4 <a href=\"http:\/\/veloena.blogspot.com\/\"><strong>Veloe\u00adna<\/strong><\/a> n\u00e4yt\u00adt\u00e4\u00e4. Joten\u00adkin en kui\u00adten\u00adkaan luo\u00adta <a href=\"http:\/\/nakymaton.blogspot.com\/2006\/05\/lomani-oli-oikein-onnistunut.html#c114710869426668001\">meet\u00advurs\u00adti\u00adpizza-ver\u00adtauk\u00adseen\u00adkaan<\/a>. Juu\u00adri t\u00e4m\u00e4n varal\u00adta olen kui\u00adten\u00adkin itse pukeu\u00adtu\u00adnut <a href=\"http:\/\/mummila.net\/marginaali\/2005\/10\/12\/marginaali-t-paita\/\">tun\u00adnus\u00admerk\u00adki\u00adpai\u00adtaan<\/a> kuten <a href=\"http:\/\/mummila.net\/marginaali\/2006\/04\/28\/en-ole-mahdoton-tavattava-vain-vaivalloinen\/\"><strong>nor\u00adsik\u00adsen<\/strong> tava\u00adtes\u00adsa\u00adni<\/a>.&nbsp;<a rel=\"bookmark\" class=\"paragraph-permalink\" href=\"https:\/\/mummila.net\/marginaali\/2006\/05\/11\/olen-nahnyt-veloena-neidin-kaupassa\/#post2201-8e7bypskpg0ex6cufai4bw4nk\">#<\/a><\/p>\n<p id=\"post2201-qrt7ubehxxncu6dnsvimghk2e\">Kuten nor\u00adsik\u00adsen tava\u00adtes\u00adsa\u00adni, tun\u00adnis\u00adtan nyt\u00adkin koh\u00adtee\u00adni vaat\u00adteis\u00adta, vaik\u00adken niis\u00adt\u00e4 kuvia Veloe\u00adnan tapauk\u00adses\u00adsa ole\u00adkaan n\u00e4h\u00adnyt; h\u00e4nen tyy\u00adlin\u00ads\u00e4 vas\u00adtaa minul\u00adle teks\u00adtin perus\u00adteel\u00adla syn\u00adty\u00adnei\u00adt\u00e4 mie\u00adli\u00adku\u00advia. Toi\u00adsin kuin nor\u00adsik\u00adsen tava\u00adtes\u00adsa\u00adni, olen muis\u00adta\u00adnut ottaa kame\u00adran mukaa\u00adni, joten voin hank\u00adkia todis\u00adtei\u00adta t\u00e4s\u00adt\u00e4 koh\u00adtaa\u00admi\u00adses\u00adta.&nbsp;<a rel=\"bookmark\" class=\"paragraph-permalink\" href=\"https:\/\/mummila.net\/marginaali\/2006\/05\/11\/olen-nahnyt-veloena-neidin-kaupassa\/#post2201-qrt7ubehxxncu6dnsvimghk2e\">#<\/a><\/p>\n<p id=\"post2201-fww78edvdy5htgb0u4vsyqp8m\">Halaan jos\u00adtain syys\u00adt\u00e4 kum\u00admal\u00adli\u00adsel\u00adla ris\u00adti\u00adtyy\u00adlil\u00adl\u00e4.&nbsp;<a rel=\"bookmark\" class=\"paragraph-permalink\" href=\"https:\/\/mummila.net\/marginaali\/2006\/05\/11\/olen-nahnyt-veloena-neidin-kaupassa\/#post2201-fww78edvdy5htgb0u4vsyqp8m\">#<\/a><\/p>\n<p id=\"post2201-glpibmk3ffcewg36e96tyeqvb\">Kos\u00adka ei sada, voim\u00adme k\u00e4yt\u00adt\u00e4\u00e4 A-suun\u00adni\u00adtel\u00adman ja siir\u00adty\u00e4 ase\u00admal\u00adta Kirk\u00adko\u00adpuis\u00adtoon. Mat\u00adkal\u00adla k\u00e4ym\u00adme kur\u00adkis\u00adta\u00admas\u00adsa tans\u00adsi\u00adken\u00adk\u00e4\u00adkau\u00adpan ikku\u00adnas\u00adta sis\u00e4\u00e4n, mut\u00adtem\u00adme uskal\u00adla men\u00adn\u00e4 oves\u00adta. Sen j\u00e4l\u00adkeen t\u00e4y\u00adtyy kui\u00adten\u00adkin k\u00e4y\u00add\u00e4 ruo\u00adka\u00adkau\u00adpas\u00adsa. Veloe\u00adna halu\u00adaa man\u00adsi\u00adkoi\u00adta ja p\u00e4h\u00adki\u00adn\u00f6i\u00adt\u00e4, ja minun p\u00e4\u00e4\u00adni mei\u00adnaa r\u00e4j\u00e4h\u00adt\u00e4\u00e4.&nbsp;<a rel=\"bookmark\" class=\"paragraph-permalink\" href=\"https:\/\/mummila.net\/marginaali\/2006\/05\/11\/olen-nahnyt-veloena-neidin-kaupassa\/#post2201-glpibmk3ffcewg36e96tyeqvb\">#<\/a><\/p>\n<p id=\"post2201-fn9olkegetfhfmma7cnuq4jy6\">Tun\u00adnus\u00adtan, ett\u00e4 t\u00e4m\u00e4 kaik\u00adki on minus\u00adta t\u00e4y\u00adsin sur\u00adre\u00adaa\u00adlis\u00adta.&nbsp;<a rel=\"bookmark\" class=\"paragraph-permalink\" href=\"https:\/\/mummila.net\/marginaali\/2006\/05\/11\/olen-nahnyt-veloena-neidin-kaupassa\/#post2201-fn9olkegetfhfmma7cnuq4jy6\">#<\/a><\/p>\n<p id=\"post2201-t8xt25pf4d9cnryuxfkhqb1jg\">Puis\u00adtoon p\u00e4\u00e4s\u00adty\u00e4m\u00adme t\u00e4s\u00adt\u00e4 l\u00e4h\u00adtee kes\u00adkus\u00adte\u00adlu, joka kul\u00adkee ties mis\u00ads\u00e4, sivu\u00adaa <a href=\"http:\/\/www.metacafe.com\/watch\/77460\/talking_cats\/\">puhu\u00advia kis\u00adso\u00adja<\/a>, ja jon\u00adka p\u00e4\u00e4t\u00adteek\u00adsi har\u00adhai\u00adlem\u00adme Kaup\u00adpa\u00adka\u00addul\u00adla, jon\u00adne oikean pai\u00adkan l\u00f6y\u00addyt\u00adty\u00e4 j\u00e4t\u00e4n Veloe\u00adnan. Halaan t\u00e4l\u00adl\u00e4 ker\u00adtaa j\u00e4r\u00adke\u00adv\u00e4m\u00adm\u00e4l\u00adl\u00e4 tyy\u00adlil\u00adl\u00e4, mut\u00adta huo\u00adnos\u00adti, kos\u00adka minul\u00adla on k\u00e4det t\u00e4yn\u00adn\u00e4 tava\u00adraa, muun muas\u00adsa <a href=\"https:\/\/secure.wikimedia.org\/wikipedia\/fi\/wiki\/Vaarallinen_matka\"><em>Vaa\u00adral\u00adli\u00adnen mat\u00adka<\/em><\/a> -kir\u00adja, jon\u00adka Veloe\u00adna on minul\u00adle lah\u00adjoit\u00adta\u00adnut. Sen sis\u00e4l\u00adl\u00e4 on vedos h\u00e4nen teke\u00adm\u00e4s\u00adt\u00e4\u00e4n <a href=\"http:\/\/www.flickr.com\/photos\/veloena\/396175656\/\">mum\u00admon\u00adm\u00f6k\u00adki\u00adtau\u00adlus\u00adta<\/a>, joka koris\u00adtaa ovea\u00adni h\u00e4nen unis\u00adsaan.&nbsp;<a rel=\"bookmark\" class=\"paragraph-permalink\" href=\"https:\/\/mummila.net\/marginaali\/2006\/05\/11\/olen-nahnyt-veloena-neidin-kaupassa\/#post2201-t8xt25pf4d9cnryuxfkhqb1jg\">#<\/a><\/p>\n<p id=\"post2201-7ctprv92mrb1h06whetxf4h95\">H\u00e4pe\u00e4n, ettei minul\u00adla ole vas\u00adta\u00adlah\u00adjo\u00adja.&nbsp;<a rel=\"bookmark\" class=\"paragraph-permalink\" href=\"https:\/\/mummila.net\/marginaali\/2006\/05\/11\/olen-nahnyt-veloena-neidin-kaupassa\/#post2201-7ctprv92mrb1h06whetxf4h95\">#<\/a><\/p>\n<p id=\"post2201-iytwxyhldhs63035e36h1a8u6\">Kotiin p\u00e4\u00e4s\u00adty\u00e4\u00adni olen voi\u00adpu\u00adnut ja nukun mel\u00adkein kol\u00adme tun\u00adtia. Her\u00e4t\u00adty\u00e4\u00adni huo\u00admaan, ett\u00e4 olen polt\u00adta\u00adnut k\u00e4te\u00adni ja kas\u00advo\u00adni aurin\u00adgos\u00adsa. Mut\u00adta kuin\u00adka n\u00e4il\u00adle aurin\u00adgon lap\u00adsil\u00adle raas\u00adki\u00adsi sanoa, kuin\u00adka pal\u00adjon min\u00e4 viih\u00addyn var\u00adjois\u00adsa.&nbsp;<a rel=\"bookmark\" class=\"paragraph-permalink\" href=\"https:\/\/mummila.net\/marginaali\/2006\/05\/11\/olen-nahnyt-veloena-neidin-kaupassa\/#post2201-iytwxyhldhs63035e36h1a8u6\">#<\/a><\/p>\n<p id=\"post2201-eu74hxegejkat3e0tw6t2nl54\">[muok\u00adkauk\u00adset]<br>\n[muokkaus][klo]8.6.2009[\/klo] 10:22 P\u00e4i\u00advi\u00adtin tyy\u00adli\u00e4 ja linkkej\u00e4.[\/muokkaus]<br>\n[\/muokkaukset]&nbsp;<a rel=\"bookmark\" class=\"paragraph-permalink\" href=\"https:\/\/mummila.net\/marginaali\/2006\/05\/11\/olen-nahnyt-veloena-neidin-kaupassa\/#post2201-eu74hxegejkat3e0tw6t2nl54\">#<\/a><\/p>\n","protected":false},"excerpt":{"rendered":"<p>Tapaa\u00admi\u00adse\u00adni Veloe\u00adnan kanssa.<\/p>\n","protected":false},"author":2,"featured_media":0,"comment_status":"closed","ping_status":"closed","sticky":false,"template":"","format":"standard","meta":{"wp_typography_post_enhancements_disabled":false,"footnotes":""},"categories":[11444],"tags":[],"class_list":["post-2201","post","type-post","status-publish","format-standard","hentry","category-merkinnat"],"_links":{"self":[{"href":"https:\/\/mummila.net\/marginaali\/wp-json\/wp\/v2\/posts\/2201","targetHints":{"allow":["GET"]}}],"collection":[{"href":"https:\/\/mummila.net\/marginaali\/wp-json\/wp\/v2\/posts"}],"about":[{"href":"https:\/\/mummila.net\/marginaali\/wp-json\/wp\/v2\/types\/post"}],"author":[{"embeddable":true,"href":"https:\/\/mummila.net\/marginaali\/wp-json\/wp\/v2\/users\/2"}],"replies":[{"embeddable":true,"href":"https:\/\/mummila.net\/marginaali\/wp-json\/wp\/v2\/comments?post=2201"}],"version-history":[{"count":0,"href":"https:\/\/mummila.net\/marginaali\/wp-json\/wp\/v2\/posts\/2201\/revisions"}],"wp:attachment":[{"href":"https:\/\/mummila.net\/marginaali\/wp-json\/wp\/v2\/media?parent=2201"}],"wp:term":[{"taxonomy":"category","embeddable":true,"href":"https:\/\/mummila.net\/marginaali\/wp-json\/wp\/v2\/categories?post=2201"},{"taxonomy":"post_tag","embeddable":true,"href":"https:\/\/mummila.net\/marginaali\/wp-json\/wp\/v2\/tags?post=2201"}],"curies":[{"name":"wp","href":"https:\/\/api.w.org\/{rel}","templated":true}]}}