{"id":675,"date":"2004-11-18T10:43:13","date_gmt":"2004-11-18T08:43:13","guid":{"rendered":"http:\/\/www.mummila.net\/skm\/?p=675"},"modified":"2011-07-21T15:55:17","modified_gmt":"2011-07-21T12:55:17","slug":"pahanolotonbloggaus","status":"publish","type":"post","link":"https:\/\/mummila.net\/marginaali\/2004\/11\/18\/pahanolotonbloggaus\/","title":{"rendered":"Pahanolotonbloggaus"},"content":{"rendered":"<p id=\"post675-7q68a0f88qm5m7ncm8gcuc00v\">No voi\u00adhan pot\u00adtu, kun j\u00e4i kat\u00adso\u00admat\u00adta tuo <a href=\"http:\/\/varovaan.blogspot.com\/2004\/11\/sanaton-blogistanissa.html\">Nelo\u00adsen dok\u00adka\u00adri, jos\u00adta <strong>ainai\u00adlo\u00adna<\/strong> ker\u00adtoo (<a href=\"http:\/\/www.nyt.fi\/televisio\/artikkeli\/1076154500249\" title=\"Nyt: 4D: Itsemurha netiss\u00e4\"><em>Itse\u00admur\u00adha netis\u00ads\u00e4<\/em><\/a>). Sii\u00adt\u00e4\u00adkin huo\u00adli\u00admat\u00adta tah\u00addon esit\u00adt\u00e4\u00e4 muu\u00adta\u00admia vas\u00adta\u00adky\u00adsy\u00admyk\u00adsi\u00e4, jot\u00adka siis n\u00e4in ollen eiv\u00e4t perus\u00adtu tuo\u00adhon ohjel\u00admaan, vaan <em>varo vaa\u00adnin<\/em> mer\u00adkin\u00adt\u00e4\u00e4n:&nbsp;<a rel=\"bookmark\" class=\"paragraph-permalink\" href=\"https:\/\/mummila.net\/marginaali\/2004\/11\/18\/pahanolotonbloggaus\/#post675-7q68a0f88qm5m7ncm8gcuc00v\">#<\/a><\/a><\/p>\n<ul>\n<li>Vaik\u00adka kans\u00adsaih\u00admi\u00adsil\u00adl\u00e4 oli\u00adsi \u00e4ly\u00e4\/halua\/uskallusta puut\u00adtua toi\u00adsen ihmi\u00adsen p\u00e4\u00e4\u00adt\u00f6k\u00adseen oman el\u00e4\u00adm\u00e4n\u00ads\u00e4 p\u00e4\u00e4t\u00adt\u00e4\u00admi\u00adses\u00adt\u00e4, onko heil\u00adl\u00e4 sii\u00adhen oikeutta?<\/li>\n<li>Mit\u00e4 eroa on todel\u00adli\u00adsuu\u00addel\u00adla ja vir\u00adtu\u00adaa\u00adli\u00adto\u00addel\u00adli\u00adsuu\u00addel\u00adla, jos ei pii\u00adloi\u00adle nimi\u00admer\u00adkin taka\u00adna ja kek\u00adsi jut\u00adtu\u00adja p\u00e4\u00e4s\u00adt\u00e4\u00e4n? Tai vaik\u00adka suo\u00adjau\u00adtui\u00adsi nimi\u00admer\u00adkin taak\u00adse, jos se vapaut\u00adtaa ker\u00adto\u00admaan omis\u00adta tun\u00adnois\u00adta rehellisesti?<\/li>\n<li>Mik\u00adsi ihmi\u00adnen, joka on p\u00e4\u00e4t\u00adt\u00e4\u00adnyt p\u00e4\u00e4t\u00adt\u00e4\u00e4 oman el\u00e4\u00adm\u00e4n\u00ads\u00e4, oli\u00adsi vaa\u00adras\u00adsa, sil\u00adl\u00e4 h\u00e4nen koh\u00adta\u00adlon\u00adsa\u00adhan on t\u00e4y\u00adsin h\u00e4nen omis\u00adsa k\u00e4siss\u00e4\u00e4n?<\/li>\n<li>Miten ihmees\u00ads\u00e4 itsen\u00ads\u00e4 tap\u00adpa\u00adnut (ylly\u00adtyk\u00adses\u00adt\u00e4 tai ilman) oli\u00adsi en\u00e4\u00e4 vas\u00adtuus\u00adsa yht\u00e4\u00e4n mis\u00adt\u00e4\u00e4n? Eik\u00f6 t\u00e4r\u00adke\u00e4m\u00adpi vas\u00adtuu\u00adky\u00adsy\u00admys ole kiusaa\u00adjien ja yllyt\u00adt\u00e4\u00adjien vas\u00adtuu itse\u00admur\u00adhan teh\u00adnei\u00adden omais\u00adten edes\u00ads\u00e4, jos n\u00e4m\u00e4 ovat sit\u00e4 miel\u00adt\u00e4, ett\u00e4 vain\u00adajan el\u00e4\u00adm\u00e4l\u00adl\u00e4 oli\u00adsi vie\u00adl\u00e4 voi\u00adnut olla jotain el\u00e4\u00adm\u00e4n k\u00e4r\u00adsi\u00admyk\u00adsen kes\u00adt\u00e4\u00admi\u00adsen ylit\u00adt\u00e4\u00adv\u00e4\u00e4 merkityst\u00e4?<\/li>\n<\/ul>\n<p id=\"post675-dgsotccg40eau1k5ef5es04ro\">P.S.: Ette\u00adh\u00e4n ker\u00adro ainai\u00adlo\u00adnal\u00adle, etten m\u00e4 mit\u00e4\u00e4n <a href=\"http:\/\/varovaan.blogspot.com\/2004\/11\/joku-voi-tulla-ikkunan-taa.html\">loit\u00adsu\u00adja<\/a> ole t\u00e4l\u00adle sivul\u00adle lausu\u00adnut (<a href=\"https:\/\/secure.wikimedia.org\/wikipedia\/fi\/wiki\/Blogger\"><span lang=\"en\">Blog\u00adger<\/span>iin<\/a> koh\u00addis\u00adtu\u00advia manauk\u00adsia ei las\u00adke\u00adta), vaan kyl\u00adl\u00e4 se on ihan ainai\u00adlo\u00adnan oma blon\u00addi\u00adse\u00adlain joka arpoo sivun n\u00e4yt\u00adt\u00f6\u00adta\u00advan joka ker\u00adta uudes\u00adtaan. Jou\u00addun vie\u00adl\u00e4 muu\u00adtoin sin\u00adne j\u00e4lk\u00adk\u00e4\u00adriin. Huu, ihan t\u00e4s\u00ads\u00e4 <a href=\"http:\/\/mummila.net\/marginaali\/2004\/11\/16\/hidzam-elgeruus\/\">j\u00e4ns\u00adk\u00e4t\u00adt\u00e4\u00e4 niin ett\u00e4 t\u00e4ri\u00adsen<\/a>.&nbsp;<a rel=\"bookmark\" class=\"paragraph-permalink\" href=\"https:\/\/mummila.net\/marginaali\/2004\/11\/18\/pahanolotonbloggaus\/#post675-dgsotccg40eau1k5ef5es04ro\">#<\/a><\/p>\n<p id=\"post675-b8p2urfp3p3k622q3xgk1oxq\">[muok\u00adkauk\u00adset]<br>\n[muokkaus][klo]22.7.2007 19:09[\/klo] Nyky\u00adai\u00adkais\u00adtin tyyli\u00e4.<br>\n[\/muokkaus]<br>\n[\/muokkaukset]&nbsp;<a rel=\"bookmark\" class=\"paragraph-permalink\" href=\"https:\/\/mummila.net\/marginaali\/2004\/11\/18\/pahanolotonbloggaus\/#post675-b8p2urfp3p3k622q3xgk1oxq\">#<\/a><\/p>\n","protected":false},"excerpt":{"rendered":"<p>J\u00e4i kat\u00adso\u00admat\u00adta Nelo\u00adsen dok\u00adka\u00adri, jos\u00adta ainai\u00adlo\u00adna ker\u00adtoo. Sii\u00adt\u00e4\u00adkin huo\u00adli\u00admat\u00adta tah\u00addon esit\u00adt\u00e4\u00e4 muu\u00adta\u00admia vas\u00adta\u00adky\u00adsy\u00admyk\u00adsi\u00e4, jot\u00adka siis n\u00e4in ollen eiv\u00e4t perus\u00adtu tuo\u00adhon ohjel\u00admaan, vaan varo vaa\u00adnin merkint\u00e4\u00e4n.<\/p>\n","protected":false},"author":2,"featured_media":0,"comment_status":"closed","ping_status":"closed","sticky":false,"template":"","format":"standard","meta":{"wp_typography_post_enhancements_disabled":false,"footnotes":""},"categories":[11444],"tags":[845,1543],"class_list":["post-675","post","type-post","status-publish","format-standard","hentry","category-merkinnat","tag-itsetuhoisuus","tag-mielenterveys"],"_links":{"self":[{"href":"https:\/\/mummila.net\/marginaali\/wp-json\/wp\/v2\/posts\/675","targetHints":{"allow":["GET"]}}],"collection":[{"href":"https:\/\/mummila.net\/marginaali\/wp-json\/wp\/v2\/posts"}],"about":[{"href":"https:\/\/mummila.net\/marginaali\/wp-json\/wp\/v2\/types\/post"}],"author":[{"embeddable":true,"href":"https:\/\/mummila.net\/marginaali\/wp-json\/wp\/v2\/users\/2"}],"replies":[{"embeddable":true,"href":"https:\/\/mummila.net\/marginaali\/wp-json\/wp\/v2\/comments?post=675"}],"version-history":[{"count":2,"href":"https:\/\/mummila.net\/marginaali\/wp-json\/wp\/v2\/posts\/675\/revisions"}],"predecessor-version":[{"id":19805,"href":"https:\/\/mummila.net\/marginaali\/wp-json\/wp\/v2\/posts\/675\/revisions\/19805"}],"wp:attachment":[{"href":"https:\/\/mummila.net\/marginaali\/wp-json\/wp\/v2\/media?parent=675"}],"wp:term":[{"taxonomy":"category","embeddable":true,"href":"https:\/\/mummila.net\/marginaali\/wp-json\/wp\/v2\/categories?post=675"},{"taxonomy":"post_tag","embeddable":true,"href":"https:\/\/mummila.net\/marginaali\/wp-json\/wp\/v2\/tags?post=675"}],"curies":[{"name":"wp","href":"https:\/\/api.w.org\/{rel}","templated":true}]}}