{"id":733,"date":"2004-11-03T16:30:36","date_gmt":"2004-11-03T14:30:36","guid":{"rendered":"http:\/\/www.mummila.net\/skm\/?p=733"},"modified":"2010-09-07T16:58:12","modified_gmt":"2010-09-07T13:58:12","slug":"tuttu-janis-ja-pohjois-savon-lehtikuvat","status":"publish","type":"post","link":"https:\/\/mummila.net\/marginaali\/2004\/11\/03\/tuttu-janis-ja-pohjois-savon-lehtikuvat\/","title":{"rendered":"Tuttu J\u00e4nis ja Pohjois-Savon lehtikuvat"},"content":{"rendered":"<p id=\"post733-bk2khxrjvuqjhrxn4cfrsyh4x\">Suo\u00adsit\u00adte\u00adlen l\u00e4m\u00adpi\u00adm\u00e4s\u00adti <a href=\"http:\/\/www.pohjois-savonmuisti.fi\/verkko_nayttelyt\/pohjoissavonlehtikuvia\/index.htm\">Poh\u00adjois-Savon leh\u00adti\u00adku\u00advia -n\u00e4yt\u00adte\u00adly\u00e4<\/a> kai\u00adkil\u00adle (van\u00adho\u00adjen) valo\u00adku\u00advien yst\u00e4\u00advil\u00adle. Alle ker\u00e4\u00adsin muu\u00adta\u00admia minua kiin\u00adnos\u00adta\u00adnei\u00adta tai huvit\u00adta\u00adnei\u00adta kuvia. Jo pel\u00adk\u00e4t kuva\u00adteks\u00adtit itses\u00ads\u00e4\u00e4n oli\u00advat monis\u00adsa tapauk\u00adsis\u00adsa pait\u00adsi kuvaa\u00advia, my\u00f6s haus\u00adko\u00adja!&nbsp;<a rel=\"bookmark\" class=\"paragraph-permalink\" href=\"https:\/\/mummila.net\/marginaali\/2004\/11\/03\/tuttu-janis-ja-pohjois-savon-lehtikuvat\/#post733-bk2khxrjvuqjhrxn4cfrsyh4x\">#<\/a><\/p>\n<blockquote>\n<ul>\n<li><a href=\"http:\/\/www.pohjois-savonmuisti.fi\/verkko_nayttelyt\/pohjoissavonlehtikuvia\/03\/Images\/1234,0466.jpg\">\u201cPrii\u00admus\u00admais\u00adte\u00adri Mai\u00adja Tuo\u00admai\u00adnen ja Toi\u00advo Vainikainen.\u201d<\/a><\/li>\n<li><a href=\"http:\/\/www.pohjois-savonmuisti.fi\/verkko_nayttelyt\/pohjoissavonlehtikuvia\/05\/Images\/1234,0881.jpg\">\u201cSep\u00adp\u00e4 Juho V\u00e4\u00e4\u00adt\u00e4i\u00adnen Riis\u00adta\u00adve\u00addel\u00adt\u00e4 val\u00admis\u00adta\u00adman\u00adsa kah\u00advi\u00adpan\u00adnun kans\u00adsa, joka vet\u00e4\u00e4 54 litraa.\u201d<\/a><\/li>\n<li><a href=\"http:\/\/www.pohjois-savonmuisti.fi\/verkko_nayttelyt\/pohjoissavonlehtikuvia\/01\/Images\/1234,0009.jpg\">\u201cTai\u00adtei\u00adli\u00adja Karp\u00adpa\u00adnen vai\u00admon\u00adsa kans\u00adsa asun\u00adton\u00adsa edustalla.\u201d<\/a><\/li>\n<li><a href=\"http:\/\/www.pohjois-savonmuisti.fi\/verkko_nayttelyt\/pohjoissavonlehtikuvia\/01\/Images\/1234,0071.jpg\">\u201cOikeu\u00adden istun\u00adtoa odotellessa.\u201d<\/a><\/li>\n<li><a href=\"http:\/\/www.pohjois-savonmuisti.fi\/verkko_nayttelyt\/pohjoissavonlehtikuvia\/01\/Images\/1234,0128.jpg\">\u201cSak\u00adsa\u00adlai\u00adset har\u00adjoit\u00adte\u00adle\u00advat Pui\u00adjon suk\u00adsi\u00adm\u00e4es\u00ads\u00e4 maa\u00adlis\u00adkuus\u00adsa&nbsp;1934.\u201d<\/a><\/li>\n<li><a href=\"http:\/\/www.pohjois-savonmuisti.fi\/verkko_nayttelyt\/pohjoissavonlehtikuvia\/01\/Images\/1234,0130.jpg\">\u201cJyrk\u00adk\u00e4 ja \u00e4kki\u00adn\u00e4i\u00adnen k\u00e4\u00e4n\u00adne lumen ry\u00f6\u00adpy\u00adtes\u00ads\u00e4 hiih\u00adt\u00e4\u00adj\u00e4n ymp\u00e4rill\u00e4.\u201d<\/a><\/li>\n<li><a href=\"http:\/\/www.pohjois-savonmuisti.fi\/verkko_nayttelyt\/pohjoissavonlehtikuvia\/01\/Images\/1234,0131.jpg\">\u201cRuot\u00adsa\u00adlai\u00adset hiih\u00adt\u00e4\u00adj\u00e4t: Allan Karls\u00adson, G\u00f6s\u00adta Berggren ja Six\u00adten Johans\u00adson&nbsp;1934.\u201d<\/a><\/li>\n<li><a href=\"http:\/\/www.pohjois-savonmuisti.fi\/verkko_nayttelyt\/pohjoissavonlehtikuvia\/01\/Images\/1234,0140.jpg\">\u201cKuo\u00adpion Museon uusi&nbsp;ilves.\u201d<\/a><\/li>\n<li><a href=\"http:\/\/www.pohjois-savonmuisti.fi\/verkko_nayttelyt\/pohjoissavonlehtikuvia\/01\/Images\/1234,0186.jpg\">\u201cLap\u00adsia valo\u00adhoi\u00adtoa saamassa.\u201d<\/a><\/li>\n<li><a href=\"http:\/\/www.pohjois-savonmuisti.fi\/verkko_nayttelyt\/pohjoissavonlehtikuvia\/02\/Images\/1234,0252.jpg\">\u201cUuno Tas\u00adki\u00adnen tai\u00adpa\u00adleel\u00adle l\u00e4htiess\u00e4\u00e4n.\u201d<\/a><\/li>\n<li><a href=\"http:\/\/www.pohjois-savonmuisti.fi\/verkko_nayttelyt\/pohjoissavonlehtikuvia\/02\/Images\/1234,0341.jpg\">\u201cArvos\u00adte\u00adlu\u00adtuo\u00adma\u00adrit Laes ja Palolampi.\u201d<\/a><\/li>\n<li><a href=\"http:\/\/www.pohjois-savonmuisti.fi\/verkko_nayttelyt\/pohjoissavonlehtikuvia\/04\/Images\/1234,0665.jpg\">\u201c2-vuo\u00adtias Anna Lii\u00adsa Ahva lau\u00adlaa ja lausuu runo\u00adja Mar\u00adkus-sed\u00e4n seu\u00adra\u00adtes\u00adsa esityst\u00e4.\u201d<\/a><\/li>\n<li><a href=\"http:\/\/www.pohjois-savonmuisti.fi\/verkko_nayttelyt\/pohjoissavonlehtikuvia\/04\/Images\/1234,0727.jpg\">\u201cUusia palo\u00adsam\u00admut\u00adti\u00admia kokeil\u00adtiin Var\u00adkau\u00addes\u00adsa Vli\u00adtin\u00adlah\u00adden j\u00e4\u00e4l\u00adl\u00e4 19.2.-36.\u201d<\/a><\/li>\n<li><a href=\"http:\/\/www.pohjois-savonmuisti.fi\/verkko_nayttelyt\/pohjoissavonlehtikuvia\/06\/Images\/1234,1095.jpg\">\u201cRas\u00adkaan sar\u00adjan yll\u00e4\u00adtys\u00admes\u00adta\u00adri W.&nbsp;Vento.\u201d<\/a><\/li>\n<li><a href=\"http:\/\/www.pohjois-savonmuisti.fi\/verkko_nayttelyt\/pohjoissavonlehtikuvia\/06\/Images\/1234,1183.jpg\">\u201cMin\u00adna Cant\u00adhin tytt\u00e4ret.\u201d<\/a><\/li>\n<li><a href=\"http:\/\/www.pohjois-savonmuisti.fi\/verkko_nayttelyt\/pohjoissavonlehtikuvia\/07\/Images\/1434,0111.jpg\">\u201cMaan\u00advil\u00adje\u00adli\u00adj\u00e4 Nii\u00adlo R\u00e4s\u00e4\u00adsen&nbsp;perhe.\u201d<\/a><\/li>\n<li><a href=\"http:\/\/www.pohjois-savonmuisti.fi\/verkko_nayttelyt\/pohjoissavonlehtikuvia\/07\/Images\/1434,0112.jpg\">\u201cTy\u00f6\u00admies Pek\u00adka Ruot\u00adsa\u00adlai\u00adnen, jol\u00adta huk\u00adkui&nbsp;tyt\u00e4r.\u201d<\/a><\/li>\n<li><a href=\"http:\/\/www.pohjois-savonmuisti.fi\/verkko_nayttelyt\/pohjoissavonlehtikuvia\/07\/Images\/1434,0142.jpg\">\u201cKan\u00adsal\u00adlis\u00adkau\u00adpan jou\u00adlu\u00adpuk\u00adki nuor\u00adten yst\u00e4\u00advien\u00ads\u00e4 ja nuo\u00adrim\u00adman tont\u00adtun\u00adsa seurassa.\u201d<\/a><\/li>\n<li><a href=\"http:\/\/www.pohjois-savonmuisti.fi\/verkko_nayttelyt\/pohjoissavonlehtikuvia\/08\/Images\/1434,0245.jpg\">\u201cNais\u00admes\u00adta\u00adruuk\u00adsien tavoit\u00adte\u00adli\u00adja Vesan\u00adnon Urhei\u00adli\u00adjain Kert\u00adtu Pulkkinen.\u201d<\/a><\/li>\n<li><a href=\"http:\/\/www.pohjois-savonmuisti.fi\/verkko_nayttelyt\/pohjoissavonlehtikuvia\/08\/Images\/1434,0392.jpg\">\u201cL\u00e4he\u00adtys\u00adt\u00f6 maa\u00adkun\u00adnan mie\u00adhi\u00e4, jot\u00adka esit\u00adti\u00adv\u00e4t tie- ja vesi\u00adra\u00adken\u00adnus\u00adpii\u00adrin her\u00adroil\u00adle Soi\u00adsa\u00adlon poikkitieasiaa.\u201d<\/a><\/li>\n<\/ul>\n<\/blockquote>\n<p id=\"post733-8s7r39u4byy1v3sdl6m5k9w5k\">[muok\u00adkauk\u00adset]<br>\n[muokkaus][klo]4.11.2008[\/klo] 11:48 Muo\u00adtoi\u00adlin WP:lle, nyky\u00adai\u00adkais\u00adtin tyy\u00adli\u00e4, p\u00e4i\u00advi\u00adtin linkit.[\/muokkaus]<br>\n[\/muokkaukset]&nbsp;<a rel=\"bookmark\" class=\"paragraph-permalink\" href=\"https:\/\/mummila.net\/marginaali\/2004\/11\/03\/tuttu-janis-ja-pohjois-savon-lehtikuvat\/#post733-8s7r39u4byy1v3sdl6m5k9w5k\">#<\/a><\/p>\n","protected":false},"excerpt":{"rendered":"<p>Suo\u00adsit\u00adte\u00adlen l\u00e4m\u00adpi\u00adm\u00e4s\u00adti Poh\u00adjois-Savon leh\u00adti\u00adku\u00advia -n\u00e4yt\u00adte\u00adly\u00e4 kai\u00adkil\u00adle (van\u00adho\u00adjen) valo\u00adku\u00advien yst\u00e4\u00advil\u00adle. Jo pel\u00adk\u00e4t kuva\u00adteks\u00adtit itses\u00ads\u00e4\u00e4n oli\u00advat monis\u00adsa tapauk\u00adsis\u00adsa pait\u00adsi kuvaa\u00advia, my\u00f6s hauskoja!<\/p>\n","protected":false},"author":2,"featured_media":0,"comment_status":"closed","ping_status":"closed","sticky":false,"template":"","format":"standard","meta":{"wp_typography_post_enhancements_disabled":false,"footnotes":""},"categories":[1521],"tags":[8668,2779],"class_list":["post-733","post","type-post","status-publish","format-standard","hentry","category-meemit","tag-pohjois-savo","tag-valokuvaus"],"_links":{"self":[{"href":"https:\/\/mummila.net\/marginaali\/wp-json\/wp\/v2\/posts\/733","targetHints":{"allow":["GET"]}}],"collection":[{"href":"https:\/\/mummila.net\/marginaali\/wp-json\/wp\/v2\/posts"}],"about":[{"href":"https:\/\/mummila.net\/marginaali\/wp-json\/wp\/v2\/types\/post"}],"author":[{"embeddable":true,"href":"https:\/\/mummila.net\/marginaali\/wp-json\/wp\/v2\/users\/2"}],"replies":[{"embeddable":true,"href":"https:\/\/mummila.net\/marginaali\/wp-json\/wp\/v2\/comments?post=733"}],"version-history":[{"count":2,"href":"https:\/\/mummila.net\/marginaali\/wp-json\/wp\/v2\/posts\/733\/revisions"}],"predecessor-version":[{"id":14934,"href":"https:\/\/mummila.net\/marginaali\/wp-json\/wp\/v2\/posts\/733\/revisions\/14934"}],"wp:attachment":[{"href":"https:\/\/mummila.net\/marginaali\/wp-json\/wp\/v2\/media?parent=733"}],"wp:term":[{"taxonomy":"category","embeddable":true,"href":"https:\/\/mummila.net\/marginaali\/wp-json\/wp\/v2\/categories?post=733"},{"taxonomy":"post_tag","embeddable":true,"href":"https:\/\/mummila.net\/marginaali\/wp-json\/wp\/v2\/tags?post=733"}],"curies":[{"name":"wp","href":"https:\/\/api.w.org\/{rel}","templated":true}]}}