{"id":7521,"date":"2009-04-24T19:24:07","date_gmt":"2009-04-24T16:24:07","guid":{"rendered":"http:\/\/mummila.net\/marginaali\/?p=7521"},"modified":"2011-07-23T10:23:21","modified_gmt":"2011-07-23T07:23:21","slug":"mustalaisen-paivakirja","status":"publish","type":"post","link":"https:\/\/mummila.net\/marginaali\/2009\/04\/24\/mustalaisen-paivakirja\/","title":{"rendered":"Mustalaisen p\u00e4iv\u00e4kirja"},"content":{"rendered":"<p id=\"post7521-55pqqlx76w2d712f5tsejpajd\">Sii\u00adn\u00e4 on n\u00e4k\u00f6\u00adj\u00e4\u00e4n kyse <a href=\"https:\/\/secure.wikimedia.org\/wikipedia\/fi\/wiki\/Surrealismi\">sur\u00adrea\u00adlis\u00adtien<\/a> <em><span lang=\"fr\">cadav\u00adre exquis<\/span><\/em> -tek\u00adnii\u00adkan (engl. <a href=\"https:\/\/secure.wikimedia.org\/wikipedia\/en\/wiki\/Exquisite_corpse\"><em><span lang=\"en\">exqui\u00adsi\u00adte corp\u00adse<\/span><\/em><\/a>, suom. <em>hie\u00adnos\u00adtu\u00adnut ruu\u00admis<\/em>) sovel\u00adluk\u00adses\u00adta.&nbsp;<a rel=\"bookmark\" class=\"paragraph-permalink\" href=\"https:\/\/mummila.net\/marginaali\/2009\/04\/24\/mustalaisen-paivakirja\/#post7521-55pqqlx76w2d712f5tsejpajd\">#<\/a><\/p>\n<p id=\"post7521-ojyn1wqhuuawhyc2n7md2ma0q\">Meil\u00adl\u00e4 sit\u00e4 lei\u00adkit\u00adtiin tek\u00adni\u00adses\u00adti ihan samal\u00adla taval\u00adla: otet\u00adtiin pape\u00adri\u00adlap\u00adpu, jol\u00adle kukin kir\u00adjoit\u00adti vuo\u00adrol\u00adlaan sanan ennen ja tait\u00adte\u00adli kir\u00adjoit\u00adta\u00adman\u00adsa pii\u00adloon ennen kuin ojen\u00adsi lapun seu\u00adraa\u00adval\u00adle. Ensim\u00adm\u00e4i\u00adnen kir\u00adjoit\u00adti sub\u00adjek\u00adtin sek\u00e4 ja-sanan (tai se aina\u00adkin sanot\u00adtiin ensim\u00adm\u00e4i\u00adsen sanan j\u00e4l\u00adkeen lap\u00adpua luet\u00adtaes\u00adsa), toi\u00adnen oman sub\u00adjek\u00adtin\u00adsa (ei v\u00e4lt\u00adt\u00e4\u00adm\u00e4t\u00adt\u00e4 kui\u00adten\u00adkaan itse\u00ad\u00e4\u00e4n), kol\u00admas ver\u00adbin (moni\u00adkon kol\u00adman\u00adnes\u00adsa) ja nel\u00adj\u00e4s pai\u00adkan (vas\u00adtauk\u00adse\u00adna kysy\u00admyk\u00adseen \u201cmis\u00ads\u00e4?\u201d). Kah\u00addes\u00adtaan\u00adkin t\u00e4t\u00e4 saat\u00adtoi sil\u00adti leik\u00adki\u00e4, sil\u00adloin pape\u00adria vain vaih\u00addel\u00adtiin kes\u00adke\u00adn\u00e4\u00e4n.&nbsp;<a rel=\"bookmark\" class=\"paragraph-permalink\" href=\"https:\/\/mummila.net\/marginaali\/2009\/04\/24\/mustalaisen-paivakirja\/#post7521-ojyn1wqhuuawhyc2n7md2ma0q\">#<\/a><\/p>\n<p id=\"post7521-ps8nei1218i8rki176dcsa9jq\">Lopuk\u00adsi pape\u00adri avat\u00adtiin ja sano\u00adjen muo\u00addos\u00adta\u00adma lause luet\u00adtiin. Yleen\u00ads\u00e4 tulos oli jotain enem\u00adm\u00e4n tai v\u00e4hem\u00adm\u00e4n h\u00e4rs\u00adki\u00e4, tyy\u00adliin \u201cMau\u00adno Koi\u00advis\u00adto ja [oman luo\u00adkan\u00adopet\u00adta\u00adjan nimi] nus\u00adsi\u00advat ves\u00adsan\u00adp\u00f6n\u00adt\u00f6s\u00ads\u00e4.\u201d Niin oli tie\u00adtys\u00adti tar\u00adkoi\u00adtus\u00adkin.&nbsp;<a rel=\"bookmark\" class=\"paragraph-permalink\" href=\"https:\/\/mummila.net\/marginaali\/2009\/04\/24\/mustalaisen-paivakirja\/#post7521-ps8nei1218i8rki176dcsa9jq\">#<\/a><\/p>\n<p id=\"post7521-14knfico20lmka1ndkx2rmn7g\">Tek\u00adnii\u00adkan alku\u00adpe\u00adr\u00e4is\u00adkie\u00adli\u00adnen nimi tulee v\u00e4i\u00adte\u00adtys\u00adti ensim\u00adm\u00e4i\u00adses\u00adt\u00e4 sil\u00adl\u00e4 kos\u00adkaan tuo\u00adte\u00adtus\u00adta lausees\u00adta, jon\u00adka mukaan \u201cHie\u00adnos\u00adtu\u00adnut ruu\u00admis juo uuden vii\u00adnin.\u201d Suo\u00admen\u00adkie\u00adli\u00adsen nimen alku\u00adpe\u00adr\u00e4\u00e4 voin vain aavis\u00adtel\u00adla. Liit\u00adtyi\u00adsi\u00adk\u00f6\u00adh\u00e4n sii\u00adhen ken\u00adties joi\u00adtain rotuen\u00adnak\u00adko\u00adluu\u00adlo\u00adja?&nbsp;<a rel=\"bookmark\" class=\"paragraph-permalink\" href=\"https:\/\/mummila.net\/marginaali\/2009\/04\/24\/mustalaisen-paivakirja\/#post7521-14knfico20lmka1ndkx2rmn7g\">#<\/a><\/p>\n<p id=\"post7521-8ua74bvh8ya079fo1hp7xp4qj\">Ja onko meil\u00adl\u00e4 yht\u00e4\u00e4n kaa\u00adpis\u00adta tul\u00adlut\u00adta mus\u00adta\u00adlais<em>verk\u00adko<\/em>p\u00e4i\u00adv\u00e4\u00adkir\u00adjai\u00adli\u00adjaa? Aina\u00adkaan <a href=\"http:\/\/www.blogilista.fi\/hakemisto\">Blo\u00adgi\u00adlis\u00adtal\u00adla ei avain\u00adsa\u00adna\u00adhaun<\/a> perus\u00adteel\u00adla ilmei\u00adses\u00adti ole yht\u00e4\u00e4n nime\u00adno\u00admaan t\u00e4t\u00e4 etnis\u00adt\u00e4 n\u00e4k\u00f6\u00adkul\u00admaa pai\u00adnot\u00adta\u00advaa kir\u00adjoit\u00adta\u00adjaa.&nbsp;<a rel=\"bookmark\" class=\"paragraph-permalink\" href=\"https:\/\/mummila.net\/marginaali\/2009\/04\/24\/mustalaisen-paivakirja\/#post7521-8ua74bvh8ya079fo1hp7xp4qj\">#<\/a><\/p>\n","protected":false},"excerpt":{"rendered":"<p>Sii\u00adn\u00e4 on kyse sur\u00adrea\u00adlis\u00adtien cadav\u00adre exquis -tek\u00adnii\u00adkan sovel\u00adluk\u00adses\u00adta. Suo\u00admen\u00adkie\u00adli\u00adsen nimen alku\u00adpe\u00adr\u00e4\u00e4 voin vain aavis\u00adtel\u00adla. Liit\u00adtyi\u00adsi\u00adk\u00f6\u00adh\u00e4n sii\u00adhen ken\u00adties rotuen\u00adnak\u00adko\u00adluu\u00adlo\u00adja? Ja onko meil\u00adl\u00e4 yht\u00e4\u00e4n kaa\u00adpis\u00adta tul\u00adlut\u00adta mustalaisverkkop\u00e4iv\u00e4kirjailijaa?<\/p>\n","protected":false},"author":2,"featured_media":0,"comment_status":"closed","ping_status":"closed","sticky":false,"template":"","format":"standard","meta":{"wp_typography_post_enhancements_disabled":false,"footnotes":""},"categories":[1521],"tags":[1230],"class_list":["post-7521","post","type-post","status-publish","format-standard","hentry","category-meemit","tag-kulttuuri"],"_links":{"self":[{"href":"https:\/\/mummila.net\/marginaali\/wp-json\/wp\/v2\/posts\/7521","targetHints":{"allow":["GET"]}}],"collection":[{"href":"https:\/\/mummila.net\/marginaali\/wp-json\/wp\/v2\/posts"}],"about":[{"href":"https:\/\/mummila.net\/marginaali\/wp-json\/wp\/v2\/types\/post"}],"author":[{"embeddable":true,"href":"https:\/\/mummila.net\/marginaali\/wp-json\/wp\/v2\/users\/2"}],"replies":[{"embeddable":true,"href":"https:\/\/mummila.net\/marginaali\/wp-json\/wp\/v2\/comments?post=7521"}],"version-history":[{"count":3,"href":"https:\/\/mummila.net\/marginaali\/wp-json\/wp\/v2\/posts\/7521\/revisions"}],"predecessor-version":[{"id":20264,"href":"https:\/\/mummila.net\/marginaali\/wp-json\/wp\/v2\/posts\/7521\/revisions\/20264"}],"wp:attachment":[{"href":"https:\/\/mummila.net\/marginaali\/wp-json\/wp\/v2\/media?parent=7521"}],"wp:term":[{"taxonomy":"category","embeddable":true,"href":"https:\/\/mummila.net\/marginaali\/wp-json\/wp\/v2\/categories?post=7521"},{"taxonomy":"post_tag","embeddable":true,"href":"https:\/\/mummila.net\/marginaali\/wp-json\/wp\/v2\/tags?post=7521"}],"curies":[{"name":"wp","href":"https:\/\/api.w.org\/{rel}","templated":true}]}}